{"id":70487,"date":"2024-01-21T18:40:24","date_gmt":"2024-01-21T17:40:24","guid":{"rendered":"https:\/\/jugulajm.net\/?p=70487"},"modified":"2024-01-21T18:42:44","modified_gmt":"2024-01-21T17:42:44","slug":"itali-del-foto-e-39-vjecarit-shqiptar-qe-u-gjend-i-pajete-ne-trup-kishte-plage-ne","status":"publish","type":"post","link":"https:\/\/jugulajm.net\/?p=70487","title":{"rendered":"Itali, del FOTO e 39-vje\u00e7arit shqiptar q\u00eb u gjend i pajet\u00eb, n\u00eb trup kishte plag\u00eb n\u00eb&#8230;"},"content":{"rendered":"<p>Fotoja q\u00eb shihni m\u00eb posht\u00eb \u00ebsht\u00eb e 39-vje\u00e7arit, Bledar Dedja, i cili u gjet pa shenja jete\u00a0n\u00eb nj\u00eb zon\u00eb t\u00eb pyll\u00ebzuar n\u00eb Paderno t\u00eb Italis\u00eb.<\/p>\n<p>Trupi i tij u gjet paraditen e k\u00ebsaj t\u00eb diele, rreth or\u00ebs 09:30, pas alarmit t\u00eb familjes p\u00ebr zhdukjen e tij.<\/p>\n<p>Ai u gjet jasht\u00eb makin\u00ebs s\u00eb tij, nj\u00eb Mercedes B class, e cila u gjet e mbyllur.<\/p>\n<p>N\u00eb trup jan\u00eb konstatuar plag\u00eb t\u00eb thella me thik\u00eb, kryesisht n\u00eb gjoks dhe n\u00eb kok\u00eb, nd\u00ebrsa arma e ftoht\u00eb nuk \u00ebsht\u00eb gjetur n\u00eb vendngjarje.<\/p>\n<p>Viktima, me disa precedent\u00eb, \u00ebsht\u00eb par\u00eb p\u00ebr her\u00eb t\u00eb fundit n\u00eb Abacin\u00eb e Lasht\u00eb t\u00eb Borso del Grappa, vendi ku ai punonte.<\/p>\n<p>N\u00eb vendngjarje shkuan prokurorja n\u00eb detyr\u00eb Barbara Sabattini, mjeku Alberto Furlanetto dhe karabinier\u00ebt e komand\u00ebs provinciale t\u00eb Trevisos, t\u00eb cil\u00ebt nis\u00ebn hetimet.<\/p>\n","protected":false},"excerpt":{"rendered":"<p>Fotoja q\u00eb shihni m\u00eb posht\u00eb \u00ebsht\u00eb e 39-vje\u00e7arit, Bledar Dedja, i cili u gjet pa shenja jete\u00a0n\u00eb nj\u00eb zon\u00eb t\u00eb pyll\u00ebzuar n\u00eb Paderno t\u00eb Italis\u00eb. Trupi i tij u gjet paraditen e k\u00ebsaj t\u00eb diele, rreth or\u00ebs 09:30, pas alarmit t\u00eb familjes p\u00ebr zhdukjen e tij. Ai u gjet jasht\u00eb makin\u00ebs s\u00eb tij, nj\u00eb Mercedes [&hellip;]<\/p>\n","protected":false},"author":5,"featured_media":70488,"comment_status":"closed","ping_status":"closed","sticky":false,"template":"","format":"standard","meta":{"footnotes":""},"categories":[1,6332],"tags":[28973,26133,28975,28974],"class_list":{"0":"post-70487","1":"post","2":"type-post","3":"status-publish","4":"format-standard","5":"has-post-thumbnail","7":"category-aktualitet","8":"category-te-fundit","9":"tag-del-foto-e-39-vjecarit-shqiptar","10":"tag-itali","11":"tag-ne-trup-kishte-plage-ne","12":"tag-qe-u-gjend-i-pajete"},"_links":{"self":[{"href":"https:\/\/jugulajm.net\/index.php?rest_route=\/wp\/v2\/posts\/70487","targetHints":{"allow":["GET"]}}],"collection":[{"href":"https:\/\/jugulajm.net\/index.php?rest_route=\/wp\/v2\/posts"}],"about":[{"href":"https:\/\/jugulajm.net\/index.php?rest_route=\/wp\/v2\/types\/post"}],"author":[{"embeddable":true,"href":"https:\/\/jugulajm.net\/index.php?rest_route=\/wp\/v2\/users\/5"}],"replies":[{"embeddable":true,"href":"https:\/\/jugulajm.net\/index.php?rest_route=%2Fwp%2Fv2%2Fcomments&post=70487"}],"version-history":[{"count":0,"href":"https:\/\/jugulajm.net\/index.php?rest_route=\/wp\/v2\/posts\/70487\/revisions"}],"wp:featuredmedia":[{"embeddable":true,"href":"https:\/\/jugulajm.net\/index.php?rest_route=\/wp\/v2\/media\/70488"}],"wp:attachment":[{"href":"https:\/\/jugulajm.net\/index.php?rest_route=%2Fwp%2Fv2%2Fmedia&parent=70487"}],"wp:term":[{"taxonomy":"category","embeddable":true,"href":"https:\/\/jugulajm.net\/index.php?rest_route=%2Fwp%2Fv2%2Fcategories&post=70487"},{"taxonomy":"post_tag","embeddable":true,"href":"https:\/\/jugulajm.net\/index.php?rest_route=%2Fwp%2Fv2%2Ftags&post=70487"}],"curies":[{"name":"wp","href":"https:\/\/api.w.org\/{rel}","templated":true}]}}