{"id":70483,"date":"2024-01-21T16:44:54","date_gmt":"2024-01-21T15:44:54","guid":{"rendered":"https:\/\/jugulajm.net\/?p=70483"},"modified":"2024-01-21T16:44:54","modified_gmt":"2024-01-21T15:44:54","slug":"emri-itali-vritet-shqiptari-39-vjecar-trupi-i-tij-u-gjet","status":"publish","type":"post","link":"https:\/\/jugulajm.net\/?p=70483","title":{"rendered":"EMRI\/ Itali, vritet shqiptari 39-vje\u00e7ar, trupi i tij u gjet&#8230;"},"content":{"rendered":"<p>Trupi i pajet\u00eb i nj\u00eb shtetasi shqiptar \u00ebsht\u00eb gjetur dit\u00ebn e sotme n\u00eb nj\u00eb zon\u00eb pyjore t\u00eb Paderno del Grappa, n\u00eb provinc\u00ebn e Trevisos.<\/p>\n<p>Sipas medieve italiane b\u00ebhet fjal\u00eb p\u00ebr Bledar Dedjan, 39 vje\u00e7, n\u00eb trupin e t\u00eb cilit u konstatuan plag\u00eb me thik\u00eb.<\/p>\n<p>Trupi u zbulua m\u00ebngjesin e sot\u00ebm, 21 janar. Dedja prej disa koh\u00ebsh jetonte dhe punonte n\u00eb zon\u00eb.<\/p>\n<p>N\u00eb vendin e ngjarjes ishin edhe departamentet e mjek\u00ebsis\u00eb ligjore, prokurori i Prokuroris\u00eb s\u00eb Trevisos Sabattini dhe eksperti mjek\u00ebsor Furlanetto p\u00ebr nj\u00eb ekzaminim fillestar t\u00eb jasht\u00ebm t\u00eb trupit.<\/p>\n<p>Nga k\u00ebqyrja fillestare e trupit, dol\u00ebn shenja t\u00eb plag\u00ebve me thik\u00eb n\u00eb kok\u00eb dhe gjoks.<\/p>\n<p>Hetimet sapo kan\u00eb nisur dhe p\u00ebr momentin nuk p\u00ebrjashtohet asnj\u00eb hipotez\u00eb hetimore.<\/p>\n<p>N\u00eb vendin ku u gjet trupi , u gjet edhe nj\u00eb makin\u00eb e bardh\u00eb, t\u00eb cil\u00ebn ekspert\u00ebt e departamentit shkencor t\u00eb arabinier\u00ebve e analizuan n\u00eb k\u00ebrkim t\u00eb provave dhe t\u00eb dh\u00ebnave q\u00eb mund t\u00eb ndihmonin n\u00eb rind\u00ebrtimin e asaj q\u00eb ndodhi.<\/p>\n<p>Trupi \u00ebsht\u00eb d\u00ebrguar p\u00ebr autopsi p\u00ebr t\u00eb p\u00ebrcaktuar shkaqet e vdekjes dhe koh\u00ebn e vdekjes.<\/p>\n<p>Sipas asaj q\u00eb \u00ebsht\u00eb rikonstruktuar deri m\u00eb tani n\u00eb baz\u00eb t\u00eb d\u00ebshmive t\u00eb miqve dhe t\u00eb af\u00ebrmve t\u00eb 39-vje\u00e7arit, burri \u00ebsht\u00eb par\u00eb p\u00ebr her\u00eb t\u00eb fundit mbr\u00ebmjen e s\u00eb shtun\u00ebs brenda nj\u00eb klubi ku punonte.<\/p>\n<p>Pasi nuk u kthye n\u00eb sht\u00ebpi nga puna, t\u00eb af\u00ebrmit ngrit\u00ebn alarmin m\u00ebngjesin e sot\u00ebm.<\/p>\n<p>Pak or\u00eb m\u00eb von\u00eb, policia b\u00ebri zbulimin makab\u00ebr t\u00eb trupit.<\/p>\n","protected":false},"excerpt":{"rendered":"<p>Trupi i pajet\u00eb i nj\u00eb shtetasi shqiptar \u00ebsht\u00eb gjetur dit\u00ebn e sotme n\u00eb nj\u00eb zon\u00eb pyjore t\u00eb Paderno del Grappa, n\u00eb provinc\u00ebn e Trevisos. Sipas medieve italiane b\u00ebhet fjal\u00eb p\u00ebr Bledar Dedjan, 39 vje\u00e7, n\u00eb trupin e t\u00eb cilit u konstatuan plag\u00eb me thik\u00eb. Trupi u zbulua m\u00ebngjesin e sot\u00ebm, 21 janar. Dedja prej disa [&hellip;]<\/p>\n","protected":false},"author":5,"featured_media":69292,"comment_status":"closed","ping_status":"closed","sticky":false,"template":"","format":"standard","meta":{"footnotes":""},"categories":[1,6332],"tags":[23636,28969,28968],"class_list":{"0":"post-70483","1":"post","2":"type-post","3":"status-publish","4":"format-standard","5":"has-post-thumbnail","7":"category-aktualitet","8":"category-te-fundit","9":"tag-emri-itali","10":"tag-trupi-i-tij-u-gjet","11":"tag-vritet-shqiptari-39-vjecar"},"_links":{"self":[{"href":"https:\/\/jugulajm.net\/index.php?rest_route=\/wp\/v2\/posts\/70483","targetHints":{"allow":["GET"]}}],"collection":[{"href":"https:\/\/jugulajm.net\/index.php?rest_route=\/wp\/v2\/posts"}],"about":[{"href":"https:\/\/jugulajm.net\/index.php?rest_route=\/wp\/v2\/types\/post"}],"author":[{"embeddable":true,"href":"https:\/\/jugulajm.net\/index.php?rest_route=\/wp\/v2\/users\/5"}],"replies":[{"embeddable":true,"href":"https:\/\/jugulajm.net\/index.php?rest_route=%2Fwp%2Fv2%2Fcomments&post=70483"}],"version-history":[{"count":0,"href":"https:\/\/jugulajm.net\/index.php?rest_route=\/wp\/v2\/posts\/70483\/revisions"}],"wp:featuredmedia":[{"embeddable":true,"href":"https:\/\/jugulajm.net\/index.php?rest_route=\/wp\/v2\/media\/69292"}],"wp:attachment":[{"href":"https:\/\/jugulajm.net\/index.php?rest_route=%2Fwp%2Fv2%2Fmedia&parent=70483"}],"wp:term":[{"taxonomy":"category","embeddable":true,"href":"https:\/\/jugulajm.net\/index.php?rest_route=%2Fwp%2Fv2%2Fcategories&post=70483"},{"taxonomy":"post_tag","embeddable":true,"href":"https:\/\/jugulajm.net\/index.php?rest_route=%2Fwp%2Fv2%2Ftags&post=70483"}],"curies":[{"name":"wp","href":"https:\/\/api.w.org\/{rel}","templated":true}]}}