{"id":70474,"date":"2024-01-21T11:48:40","date_gmt":"2024-01-21T10:48:40","guid":{"rendered":"https:\/\/jugulajm.net\/?p=70474"},"modified":"2024-01-21T11:48:40","modified_gmt":"2024-01-21T10:48:40","slug":"emrat-detaje-nga-vrasja-e-52-vjecarit","status":"publish","type":"post","link":"https:\/\/jugulajm.net\/?p=70474","title":{"rendered":"EMRAT\/ Detaje nga vrasja e 52-vje\u00e7arit"},"content":{"rendered":"<p>Nj\u00eb ngjarje e r\u00ebnd\u00eb ka ndodhur m\u00ebngjesin e sot\u00ebm n\u00eb qytein e Burrelit ku \u00ebsht\u00eb vrar\u00eb me arm\u00eb gjahu shtetasi Petrit Kuka 52-vje\u00e7.<\/p>\n<p>Burime zyrtare nga policia b\u00ebn\u00eb me dije se shtetasi Islam Meta rreth 63 vje\u00e7, ka q\u00eblluar p\u00ebr vdekje 52-vje\u00e7arin dhe pasi ka kryer krimin ka telefonuar Policin\u00eb dhe ka treguar mbi rrethanat e ngjarjes dhe m\u00eb pas ka k\u00ebrkuar t\u00eb vet\u00ebdor\u00ebzohet.<\/p>\n<p>Nga hetimet paraprake dyshohet se ngjarja ka ndodhur p\u00ebr arsye se, viktima shtetasi Petrit Kuka, n\u00eb vitin 2013, p\u00ebr motive t\u00eb dob\u00ebta ka plagosur vajz\u00ebn e shtetasit Islam Meta.<\/p>\n<p>Nd\u00ebrkaq b\u00ebhet me dije sh\u00ebrbimet e Policis\u00eb kan\u00eb shkuar menj\u00ebher\u00eb n\u00eb vendngjarje dhe po b\u00ebjn\u00eb shoq\u00ebrimin e autorit n\u00eb komisariat<\/p>\n<p><strong>Njoftimi i Policis\u00eb:<\/strong><\/p>\n<p>Mat\/informacion paraprak<\/p>\n<p>M\u00eb dat\u00eb 21.01.2024, n\u00eb fshatin Vig, n\u00eb Burrel , shtetasi I. M., rreth 63 vje\u00e7, ka vrar\u00eb me arm\u00eb gjahu shtetasin P. K, rreth 52 vje\u00e7.<\/p>\n<p>Autori i dyshuar i k\u00ebsaj ngjarje, pasi ka kryer krimin ka telefonuar Policin\u00eb dhe ka treguar mbi rrethanat e ngjarjes dhe m\u00eb pas ka k\u00ebrkuar t\u00eb vet\u00ebdor\u00ebzohet.<\/p>\n<p>Nga hetimet paraprake t\u00eb kryera dyshohet se ngjarja ka ndodhur p\u00ebr arsye se, viktima shtetasi P.K., n\u00eb vitin 2013, p\u00ebr motive t\u00eb dob\u00ebta ka plagosur vajz\u00ebn e shtetasit I.M.<\/p>\n<p>Sh\u00ebrbimet e Policis\u00eb kan\u00eb shkuar menj\u00ebher\u00eb n\u00eb vendngjarje dhe po b\u00ebjn\u00eb shoq\u00ebrimin e shtetasit I.M , n\u00eb komisariat.<\/p>\n<p>Grupi hetimor n\u00ebn drejtimin e Prokuroris\u00eb po punon p\u00ebr zbardhjen e plot\u00eb t\u00eb rrethanave t\u00eb ngjarjes.<\/p>\n","protected":false},"excerpt":{"rendered":"<p>Nj\u00eb ngjarje e r\u00ebnd\u00eb ka ndodhur m\u00ebngjesin e sot\u00ebm n\u00eb qytein e Burrelit ku \u00ebsht\u00eb vrar\u00eb me arm\u00eb gjahu shtetasi Petrit Kuka 52-vje\u00e7. Burime zyrtare nga policia b\u00ebn\u00eb me dije se shtetasi Islam Meta rreth 63 vje\u00e7, ka q\u00eblluar p\u00ebr vdekje 52-vje\u00e7arin dhe pasi ka kryer krimin ka telefonuar Policin\u00eb dhe ka treguar mbi rrethanat [&hellip;]<\/p>\n","protected":false},"author":5,"featured_media":63723,"comment_status":"closed","ping_status":"closed","sticky":false,"template":"","format":"standard","meta":{"footnotes":""},"categories":[1,6332],"tags":[28963],"class_list":{"0":"post-70474","1":"post","2":"type-post","3":"status-publish","4":"format-standard","5":"has-post-thumbnail","7":"category-aktualitet","8":"category-te-fundit","9":"tag-emrat-detaje-nga-vrasja-e-52-vjecarit"},"_links":{"self":[{"href":"https:\/\/jugulajm.net\/index.php?rest_route=\/wp\/v2\/posts\/70474","targetHints":{"allow":["GET"]}}],"collection":[{"href":"https:\/\/jugulajm.net\/index.php?rest_route=\/wp\/v2\/posts"}],"about":[{"href":"https:\/\/jugulajm.net\/index.php?rest_route=\/wp\/v2\/types\/post"}],"author":[{"embeddable":true,"href":"https:\/\/jugulajm.net\/index.php?rest_route=\/wp\/v2\/users\/5"}],"replies":[{"embeddable":true,"href":"https:\/\/jugulajm.net\/index.php?rest_route=%2Fwp%2Fv2%2Fcomments&post=70474"}],"version-history":[{"count":0,"href":"https:\/\/jugulajm.net\/index.php?rest_route=\/wp\/v2\/posts\/70474\/revisions"}],"wp:featuredmedia":[{"embeddable":true,"href":"https:\/\/jugulajm.net\/index.php?rest_route=\/wp\/v2\/media\/63723"}],"wp:attachment":[{"href":"https:\/\/jugulajm.net\/index.php?rest_route=%2Fwp%2Fv2%2Fmedia&parent=70474"}],"wp:term":[{"taxonomy":"category","embeddable":true,"href":"https:\/\/jugulajm.net\/index.php?rest_route=%2Fwp%2Fv2%2Fcategories&post=70474"},{"taxonomy":"post_tag","embeddable":true,"href":"https:\/\/jugulajm.net\/index.php?rest_route=%2Fwp%2Fv2%2Ftags&post=70474"}],"curies":[{"name":"wp","href":"https:\/\/api.w.org\/{rel}","templated":true}]}}