{"id":70446,"date":"2024-01-20T16:58:39","date_gmt":"2024-01-20T15:58:39","guid":{"rendered":"https:\/\/jugulajm.net\/?p=70446"},"modified":"2024-01-20T16:58:39","modified_gmt":"2024-01-20T15:58:39","slug":"moti-i-keq-peleshi-ja-qarqet-problematike-dhe-akset-e-bllokuara","status":"publish","type":"post","link":"https:\/\/jugulajm.net\/?p=70446","title":{"rendered":"Moti i keq, Peleshi: Ja qarqet problematike dhe akset e bllokuara&#8230;"},"content":{"rendered":"<p>Ministri i Mbrojtjes, Niko Peleshi, ka reaguar lidhur me situat\u00ebn e motit t\u00eb keq n\u00eb vendin ton\u00eb, gjat\u00eb dit\u00ebs s\u00eb sotme.<\/p>\n<p>P\u00ebrmes nj\u00eb njoftimi n\u00eb Facebook, Peleshi thot\u00eb se trash\u00ebsia e bor\u00ebs n\u00eb qarqet e Shkodr\u00ebs, Dibr\u00ebs dhe Kuk\u00ebsit ka sjell\u00eb edhe probleme me bllokimin e disa akseve rrugore dhe nd\u00ebrprerje t\u00eb energjis\u00eb n\u00eb k\u00ebto zona.<\/p>\n<p>Ai thot\u00eb gjithashtu se ekipet e OSHEE-s\u00eb ndodhen n\u00eb terren p\u00ebr t\u00eb riparuar defektet n\u00eb linjat e d\u00ebmtuar, nd\u00ebrkoh\u00eb i b\u00ebn apel qytetar\u00ebve t\u00eb k\u00ebtyre zonave q\u00eb t\u00eb kufizojn\u00eb l\u00ebvizjet dhe n\u00eb rast nevoje t\u00eb kontaktojn\u00eb emergjencat civile.<\/p>\n<p><strong>Ja reagimi i Peleshit:<\/strong><\/p>\n<p>Prej or\u00ebve t\u00eb mbr\u00ebmjes s\u00eb djeshme, i gjith\u00eb territori i vendit \u00ebsht\u00eb p\u00ebrfshir\u00eb nga reshje intensive shiu, nd\u00ebrsa n\u00eb zonat malore t\u00eb disa qarqeve edhe reshje bore.<\/p>\n<p>Me v\u00ebmendje po ndiqet nga strukturat situata n\u00eb qarkun e Shkodr\u00ebs, Dibr\u00ebs apo Kuk\u00ebsit, ku trash\u00ebsia e bor\u00ebs n\u00eb zonat rurale ka sjell\u00eb edhe probleme me bllokimin e disa akseve e nd\u00ebrprerje t\u00eb energjis\u00eb.<\/p>\n<p>T\u00eb kalueshme me zinxhir\u00eb jan\u00eb akset Bog\u00eb-Theth, rruga e Arbrit, nd\u00ebrsa n\u00eb akset e bllokuara po punohet nga subjektet kontraktore p\u00ebr pastrimin e kriposjen e tyre.<\/p>\n<p>Ekipet e OSHEE ndodhen n\u00eb terren p\u00ebr t\u00eb riparuar defektet n\u00eb linjat e d\u00ebmtuara.<\/p>\n<p>U b\u00ebjm\u00eb thirrje banor\u00ebve t\u00eb zonave m\u00eb t\u00eb prekura nga moti i keq t\u00eb kufizojn\u00eb l\u00ebvizjet dhe n\u00eb rast nevoje t\u00eb kontaktojn\u00eb strukturat, t\u00eb cilat jan\u00eb t\u00eb gjitha n\u00eb gatishm\u00ebri p\u00ebr \u00e7do situat\u00eb!<\/p>\n","protected":false},"excerpt":{"rendered":"<p>Ministri i Mbrojtjes, Niko Peleshi, ka reaguar lidhur me situat\u00ebn e motit t\u00eb keq n\u00eb vendin ton\u00eb, gjat\u00eb dit\u00ebs s\u00eb sotme. P\u00ebrmes nj\u00eb njoftimi n\u00eb Facebook, Peleshi thot\u00eb se trash\u00ebsia e bor\u00ebs n\u00eb qarqet e Shkodr\u00ebs, Dibr\u00ebs dhe Kuk\u00ebsit ka sjell\u00eb edhe probleme me bllokimin e disa akseve rrugore dhe nd\u00ebrprerje t\u00eb energjis\u00eb n\u00eb k\u00ebto [&hellip;]<\/p>\n","protected":false},"author":5,"featured_media":70447,"comment_status":"closed","ping_status":"closed","sticky":false,"template":"","format":"standard","meta":{"footnotes":""},"categories":[1,6332],"tags":[25988,28953],"class_list":{"0":"post-70446","1":"post","2":"type-post","3":"status-publish","4":"format-standard","5":"has-post-thumbnail","7":"category-aktualitet","8":"category-te-fundit","9":"tag-moti-i-keq","10":"tag-peleshi-ja-qarqet-problematike-dhe-akset-e-bllokuara"},"_links":{"self":[{"href":"https:\/\/jugulajm.net\/index.php?rest_route=\/wp\/v2\/posts\/70446","targetHints":{"allow":["GET"]}}],"collection":[{"href":"https:\/\/jugulajm.net\/index.php?rest_route=\/wp\/v2\/posts"}],"about":[{"href":"https:\/\/jugulajm.net\/index.php?rest_route=\/wp\/v2\/types\/post"}],"author":[{"embeddable":true,"href":"https:\/\/jugulajm.net\/index.php?rest_route=\/wp\/v2\/users\/5"}],"replies":[{"embeddable":true,"href":"https:\/\/jugulajm.net\/index.php?rest_route=%2Fwp%2Fv2%2Fcomments&post=70446"}],"version-history":[{"count":0,"href":"https:\/\/jugulajm.net\/index.php?rest_route=\/wp\/v2\/posts\/70446\/revisions"}],"wp:featuredmedia":[{"embeddable":true,"href":"https:\/\/jugulajm.net\/index.php?rest_route=\/wp\/v2\/media\/70447"}],"wp:attachment":[{"href":"https:\/\/jugulajm.net\/index.php?rest_route=%2Fwp%2Fv2%2Fmedia&parent=70446"}],"wp:term":[{"taxonomy":"category","embeddable":true,"href":"https:\/\/jugulajm.net\/index.php?rest_route=%2Fwp%2Fv2%2Fcategories&post=70446"},{"taxonomy":"post_tag","embeddable":true,"href":"https:\/\/jugulajm.net\/index.php?rest_route=%2Fwp%2Fv2%2Ftags&post=70446"}],"curies":[{"name":"wp","href":"https:\/\/api.w.org\/{rel}","templated":true}]}}