{"id":70342,"date":"2024-01-17T20:16:33","date_gmt":"2024-01-17T19:16:33","guid":{"rendered":"https:\/\/jugulajm.net\/?p=70342"},"modified":"2024-01-17T20:16:33","modified_gmt":"2024-01-17T19:16:33","slug":"moti-i-keq-paralajmeron-igjeum-rrezik-per-permbytje-ja-qarqet","status":"publish","type":"post","link":"https:\/\/jugulajm.net\/?p=70342","title":{"rendered":"Moti i keq, paralajm\u00ebron IGJEUM: Rrezik p\u00ebr p\u00ebrmbytje, ja qarqet&#8230;"},"content":{"rendered":"<p>Sot pasdite dhe nes\u00ebr priten reshje intensive deri lokalisht shum\u00eb intensive shoq\u00ebruar me shtr\u00ebngata n\u00eb qarqet Shkod\u00ebr dhe Kuk\u00ebs.<\/p>\n<p>N\u00eb qarqet Dib\u00ebr, Lezh\u00eb, Durr\u00ebs, Tiran\u00eb, Elbasan, Vlor\u00eb dhe Gjirokas\u00ebr priten reshje mesatare deri lokalisht intensive, nd\u00ebrsa n\u00eb qarqet e tjer\u00eb priten reshje t\u00eb dob\u00ebta deri lokalisht mesatare.<\/p>\n<p>Sipas IGJEUM, N\u00eb qarqet Shkod\u00ebr dhe Kuk\u00ebs mund t\u00eb ket\u00eb v\u00ebrshime t\u00eb shpejta t\u00eb lumenjve t\u00eb vegj\u00ebl malor\u00eb dhe rr\u00ebshqitje t\u00eb dherave.<\/p>\n<p>N\u00eb zonat urbane, n\u00eb k\u00ebto qarqe mund t\u00eb shfaqen probleme me p\u00ebrmbytje t\u00eb lokalizuara, n\u00eb var\u00ebsi t\u00eb gjendjes s\u00eb kanalizimeve.<\/p>\n<p>N\u00ebse hasni n\u00eb ndonj\u00eb situat\u00eb emergjente, ju lutemi t\u00eb kujdeseni p\u00ebr veten tuaj dhe p\u00ebr t\u00eb tjer\u00ebt. Numri i emergjencave 08000911 \u00ebsht\u00eb gati p\u00ebr t&#8217;ju ndihmuar dhe p\u00ebr t&#8217;ju ofruar k\u00ebshilla n\u00eb koh\u00eb reale.\u2019, thuhet n\u00eb njoftimin e Institutit t\u00eb Gjeoshkencave.<\/p>\n","protected":false},"excerpt":{"rendered":"<p>Sot pasdite dhe nes\u00ebr priten reshje intensive deri lokalisht shum\u00eb intensive shoq\u00ebruar me shtr\u00ebngata n\u00eb qarqet Shkod\u00ebr dhe Kuk\u00ebs. N\u00eb qarqet Dib\u00ebr, Lezh\u00eb, Durr\u00ebs, Tiran\u00eb, Elbasan, Vlor\u00eb dhe Gjirokas\u00ebr priten reshje mesatare deri lokalisht intensive, nd\u00ebrsa n\u00eb qarqet e tjer\u00eb priten reshje t\u00eb dob\u00ebta deri lokalisht mesatare. Sipas IGJEUM, N\u00eb qarqet Shkod\u00ebr dhe Kuk\u00ebs mund [&hellip;]<\/p>\n","protected":false},"author":5,"featured_media":53818,"comment_status":"closed","ping_status":"closed","sticky":false,"template":"","format":"standard","meta":{"footnotes":""},"categories":[1,7650,6332],"tags":[28898,25988,28897],"class_list":{"0":"post-70342","1":"post","2":"type-post","3":"status-publish","4":"format-standard","5":"has-post-thumbnail","7":"category-aktualitet","8":"category-moti","9":"category-te-fundit","10":"tag-ja-qarqet","11":"tag-moti-i-keq","12":"tag-paralajmeron-igjeum-rrezik-per-permbytje"},"_links":{"self":[{"href":"https:\/\/jugulajm.net\/index.php?rest_route=\/wp\/v2\/posts\/70342","targetHints":{"allow":["GET"]}}],"collection":[{"href":"https:\/\/jugulajm.net\/index.php?rest_route=\/wp\/v2\/posts"}],"about":[{"href":"https:\/\/jugulajm.net\/index.php?rest_route=\/wp\/v2\/types\/post"}],"author":[{"embeddable":true,"href":"https:\/\/jugulajm.net\/index.php?rest_route=\/wp\/v2\/users\/5"}],"replies":[{"embeddable":true,"href":"https:\/\/jugulajm.net\/index.php?rest_route=%2Fwp%2Fv2%2Fcomments&post=70342"}],"version-history":[{"count":0,"href":"https:\/\/jugulajm.net\/index.php?rest_route=\/wp\/v2\/posts\/70342\/revisions"}],"wp:featuredmedia":[{"embeddable":true,"href":"https:\/\/jugulajm.net\/index.php?rest_route=\/wp\/v2\/media\/53818"}],"wp:attachment":[{"href":"https:\/\/jugulajm.net\/index.php?rest_route=%2Fwp%2Fv2%2Fmedia&parent=70342"}],"wp:term":[{"taxonomy":"category","embeddable":true,"href":"https:\/\/jugulajm.net\/index.php?rest_route=%2Fwp%2Fv2%2Fcategories&post=70342"},{"taxonomy":"post_tag","embeddable":true,"href":"https:\/\/jugulajm.net\/index.php?rest_route=%2Fwp%2Fv2%2Ftags&post=70342"}],"curies":[{"name":"wp","href":"https:\/\/api.w.org\/{rel}","templated":true}]}}