{"id":70308,"date":"2024-01-16T16:18:20","date_gmt":"2024-01-16T15:18:20","guid":{"rendered":"https:\/\/jugulajm.net\/?p=70308"},"modified":"2024-01-16T16:18:20","modified_gmt":"2024-01-16T15:18:20","slug":"emri-pas-shkarkimit-te-demit-emerohet-drejtori-i-ri-i-kadastres-ne-sarande","status":"publish","type":"post","link":"https:\/\/jugulajm.net\/?p=70308","title":{"rendered":"EMRI\/ Pas shkarkimit t\u00eb Demit em\u00ebrohet drejtori i ri i Kadastr\u00ebs n\u00eb Sarand\u00eb"},"content":{"rendered":"<p>Esht\u00eb em\u00ebruar drejtori i ri i Agjencis\u00eb Shtet\u00ebrore t\u00eb Kadastr\u00ebs n\u00eb Sarand\u00eb.<\/p>\n<p>Ai eshte Eugen Prifti.<\/p>\n<p>Em\u00ebrimi i Priftit n\u00eb k\u00ebt\u00eb pozicion vjen pas shkarkimit t\u00eb Aida Demit. Demi \u00ebsht\u00eb larguar nga ky pozicion pasi dyshohet se ka shkelur dispozitat n\u00eb fuqi gjat\u00eb ushtrimit t\u00eb detyrave funksionale.<\/p>\n<p>Prifti m\u00eb her\u00ebt ka qen\u00eb z\u00ebvend\u00ebsregjistrues n\u00eb Sarand\u00eb.<\/p>\n<p>Po ashtu burimet b\u00ebjn\u00eb me dije se po ashtu jan\u00eb shkakruar nga detyra 5 punonj\u00ebs t\u00eb Kadastr\u00ebs s\u00eb Sarand\u00ebs.<\/p>\n","protected":false},"excerpt":{"rendered":"<p>Esht\u00eb em\u00ebruar drejtori i ri i Agjencis\u00eb Shtet\u00ebrore t\u00eb Kadastr\u00ebs n\u00eb Sarand\u00eb. Ai eshte Eugen Prifti. Em\u00ebrimi i Priftit n\u00eb k\u00ebt\u00eb pozicion vjen pas shkarkimit t\u00eb Aida Demit. Demi \u00ebsht\u00eb larguar nga ky pozicion pasi dyshohet se ka shkelur dispozitat n\u00eb fuqi gjat\u00eb ushtrimit t\u00eb detyrave funksionale. Prifti m\u00eb her\u00ebt ka qen\u00eb z\u00ebvend\u00ebsregjistrues n\u00eb Sarand\u00eb. [&hellip;]<\/p>\n","protected":false},"author":5,"featured_media":70155,"comment_status":"closed","ping_status":"closed","sticky":false,"template":"","format":"standard","meta":{"footnotes":""},"categories":[1,6332],"tags":[28879],"class_list":{"0":"post-70308","1":"post","2":"type-post","3":"status-publish","4":"format-standard","5":"has-post-thumbnail","7":"category-aktualitet","8":"category-te-fundit","9":"tag-emri-pas-shkarkimit-te-demit-emerohet-drejtori-i-ri-i-kadastres-ne-sarande"},"_links":{"self":[{"href":"https:\/\/jugulajm.net\/index.php?rest_route=\/wp\/v2\/posts\/70308","targetHints":{"allow":["GET"]}}],"collection":[{"href":"https:\/\/jugulajm.net\/index.php?rest_route=\/wp\/v2\/posts"}],"about":[{"href":"https:\/\/jugulajm.net\/index.php?rest_route=\/wp\/v2\/types\/post"}],"author":[{"embeddable":true,"href":"https:\/\/jugulajm.net\/index.php?rest_route=\/wp\/v2\/users\/5"}],"replies":[{"embeddable":true,"href":"https:\/\/jugulajm.net\/index.php?rest_route=%2Fwp%2Fv2%2Fcomments&post=70308"}],"version-history":[{"count":0,"href":"https:\/\/jugulajm.net\/index.php?rest_route=\/wp\/v2\/posts\/70308\/revisions"}],"wp:featuredmedia":[{"embeddable":true,"href":"https:\/\/jugulajm.net\/index.php?rest_route=\/wp\/v2\/media\/70155"}],"wp:attachment":[{"href":"https:\/\/jugulajm.net\/index.php?rest_route=%2Fwp%2Fv2%2Fmedia&parent=70308"}],"wp:term":[{"taxonomy":"category","embeddable":true,"href":"https:\/\/jugulajm.net\/index.php?rest_route=%2Fwp%2Fv2%2Fcategories&post=70308"},{"taxonomy":"post_tag","embeddable":true,"href":"https:\/\/jugulajm.net\/index.php?rest_route=%2Fwp%2Fv2%2Ftags&post=70308"}],"curies":[{"name":"wp","href":"https:\/\/api.w.org\/{rel}","templated":true}]}}