{"id":70266,"date":"2024-01-15T12:55:48","date_gmt":"2024-01-15T11:55:48","guid":{"rendered":"https:\/\/jugulajm.net\/?p=70266"},"modified":"2024-01-15T12:55:48","modified_gmt":"2024-01-15T11:55:48","slug":"emri-detaje-nga-aksidenti-i-sotem-parakalimi-i-gabuar-i-kushtoi-jeten-32-vjecarit","status":"publish","type":"post","link":"https:\/\/jugulajm.net\/?p=70266","title":{"rendered":"EMRI\/ Detaje nga aksidenti i sot\u00ebm, parakalimi i gabuar i kushtoi jet\u00ebn 32-vje\u00e7arit"},"content":{"rendered":"<p>Detaje t\u00eb reja kan\u00eb dal\u00eb n\u00eb drit\u00eb n\u00eb lidhje me aksidentin e trefisht\u00eb t\u00eb ndodhur k\u00ebt\u00eb m\u00ebngjes n\u00eb aksin Fush\u00eb Kruj\u00eb-Vor\u00eb.<\/p>\n<p>Sipas burimeve p\u00ebr media b\u00ebhet me dije se shkak p\u00ebr aksidentin dyshohet se \u00ebsht\u00eb parakalimi i gabuar i kryer nga nj\u00eb mjet tip \u201cSkoda\u201d i drejtuar nga nj\u00eb qytetar nga Kosova i identifikuar si G\u00ebzim Rizani 32 vje\u00e7.<\/p>\n<p>Ai ka kryer parakalim t\u00eb gabuar dhe \u00ebsht\u00eb p\u00ebrplasur me kamionin kok\u00eb-terheq\u00ebs i drejtuar nga Agur Rezuli i cili l\u00ebvizte nga Vora drejt Fush\u00eb-Kruj\u00ebs.<\/p>\n<p>Pas k\u00ebsaj p\u00ebrplasjeje mjeti tip \u201cSkoda\u201d u p\u00ebrplas dhe me nj\u00eb \u201cBenz\u201d q\u00eb l\u00ebvizte nga Fush\u00eb-Kruja drejt Vor\u00ebs.<\/p>\n<p>Si pasoj\u00eb nd\u00ebrroi jet\u00eb drejtuesi i mjetit me targa t\u00eb Kosov\u00ebs Gezim Rizani, rreth 32 vje\u00e7, nd\u00ebrsa kan\u00eb p\u00ebsuar d\u00ebmtime tre pasagjer\u00eb t\u00eb cil\u00ebt jan\u00eb jasht\u00eb rrezikut p\u00ebr jet\u00ebn.<\/p>\n<p>Dy drejtuesit e mjeteve jan\u00eb testuar me aparat \u2018Drwger\u2019 dhe kan\u00eb rezultuar me 0.0 n\u00eb alkool.<\/p>\n","protected":false},"excerpt":{"rendered":"<p>Detaje t\u00eb reja kan\u00eb dal\u00eb n\u00eb drit\u00eb n\u00eb lidhje me aksidentin e trefisht\u00eb t\u00eb ndodhur k\u00ebt\u00eb m\u00ebngjes n\u00eb aksin Fush\u00eb Kruj\u00eb-Vor\u00eb. Sipas burimeve p\u00ebr media b\u00ebhet me dije se shkak p\u00ebr aksidentin dyshohet se \u00ebsht\u00eb parakalimi i gabuar i kryer nga nj\u00eb mjet tip \u201cSkoda\u201d i drejtuar nga nj\u00eb qytetar nga Kosova i identifikuar si [&hellip;]<\/p>\n","protected":false},"author":5,"featured_media":58064,"comment_status":"closed","ping_status":"closed","sticky":false,"template":"","format":"standard","meta":{"footnotes":""},"categories":[1,6332],"tags":[28855,28856],"class_list":{"0":"post-70266","1":"post","2":"type-post","3":"status-publish","4":"format-standard","5":"has-post-thumbnail","7":"category-aktualitet","8":"category-te-fundit","9":"tag-emri-detaje-nga-aksidenti-i-sotem","10":"tag-parakalimi-i-gabuar-i-kushtoi-jeten-32-vjecarit"},"_links":{"self":[{"href":"https:\/\/jugulajm.net\/index.php?rest_route=\/wp\/v2\/posts\/70266","targetHints":{"allow":["GET"]}}],"collection":[{"href":"https:\/\/jugulajm.net\/index.php?rest_route=\/wp\/v2\/posts"}],"about":[{"href":"https:\/\/jugulajm.net\/index.php?rest_route=\/wp\/v2\/types\/post"}],"author":[{"embeddable":true,"href":"https:\/\/jugulajm.net\/index.php?rest_route=\/wp\/v2\/users\/5"}],"replies":[{"embeddable":true,"href":"https:\/\/jugulajm.net\/index.php?rest_route=%2Fwp%2Fv2%2Fcomments&post=70266"}],"version-history":[{"count":0,"href":"https:\/\/jugulajm.net\/index.php?rest_route=\/wp\/v2\/posts\/70266\/revisions"}],"wp:featuredmedia":[{"embeddable":true,"href":"https:\/\/jugulajm.net\/index.php?rest_route=\/wp\/v2\/media\/58064"}],"wp:attachment":[{"href":"https:\/\/jugulajm.net\/index.php?rest_route=%2Fwp%2Fv2%2Fmedia&parent=70266"}],"wp:term":[{"taxonomy":"category","embeddable":true,"href":"https:\/\/jugulajm.net\/index.php?rest_route=%2Fwp%2Fv2%2Fcategories&post=70266"},{"taxonomy":"post_tag","embeddable":true,"href":"https:\/\/jugulajm.net\/index.php?rest_route=%2Fwp%2Fv2%2Ftags&post=70266"}],"curies":[{"name":"wp","href":"https:\/\/api.w.org\/{rel}","templated":true}]}}