{"id":70263,"date":"2024-01-15T11:43:46","date_gmt":"2024-01-15T10:43:46","guid":{"rendered":"https:\/\/jugulajm.net\/?p=70263"},"modified":"2024-01-15T11:43:46","modified_gmt":"2024-01-15T10:43:46","slug":"kuvendi-iken-ahmetaj-vjen-ndreca","status":"publish","type":"post","link":"https:\/\/jugulajm.net\/?p=70263","title":{"rendered":"Kuvendi\/ Ik\u00ebn Ahmetaj, vjen Ndreca"},"content":{"rendered":"<p>Komisioni Qendror i Zgjedhjeve i ka dh\u00ebn\u00eb mandatin e deputetit Plarent Ndrec\u00ebs.<\/p>\n<p>Kryekomisioneri Ilirjan Celibashi tha se Ndreca ka rezultuar si person i past\u00ebr dhe pa probleme me ligjin.<\/p>\n<p>\u201c<em>T\u00eb dh\u00ebnat e Plarent Ndrec\u00ebs nuk p\u00ebrb\u00ebjn\u00eb kusht p\u00ebr moszgjedhjen e tij si deputet n\u00eb baz\u00eb t\u00eb ligjit p\u00ebr integritetin e figur\u00ebs. KQZ vendos dh\u00ebnien e mandatit<\/em>\u201d, tha Celibashi.<\/p>\n<p>Mandati i Arben Ahmetajt do i kaloj\u00eb Plarent Ndrec\u00ebs, pasi ky i fundit b\u00ebri 6 muaj pa shkuar n\u00eb Kuvend m\u00eb 6 Janar 2024. Mandati i Ahmetajt duhet t\u2019i kalonte kandidates pasardh\u00ebse n\u00eb list\u00eb, drejtueses Agjencis\u00eb Shtet\u00ebrore t\u00eb Kadastr\u00ebs, Dall\u00ebndyshe Bici, por kjo e fundit refuzoi duke i kaluar k\u00ebshtu Ndrec\u00ebs.<\/p>\n","protected":false},"excerpt":{"rendered":"<p>Komisioni Qendror i Zgjedhjeve i ka dh\u00ebn\u00eb mandatin e deputetit Plarent Ndrec\u00ebs. Kryekomisioneri Ilirjan Celibashi tha se Ndreca ka rezultuar si person i past\u00ebr dhe pa probleme me ligjin. \u201cT\u00eb dh\u00ebnat e Plarent Ndrec\u00ebs nuk p\u00ebrb\u00ebjn\u00eb kusht p\u00ebr moszgjedhjen e tij si deputet n\u00eb baz\u00eb t\u00eb ligjit p\u00ebr integritetin e figur\u00ebs. KQZ vendos dh\u00ebnien e [&hellip;]<\/p>\n","protected":false},"author":5,"featured_media":70264,"comment_status":"closed","ping_status":"closed","sticky":false,"template":"","format":"standard","meta":{"footnotes":""},"categories":[6326,6332],"tags":[28853,28854],"class_list":{"0":"post-70263","1":"post","2":"type-post","3":"status-publish","4":"format-standard","5":"has-post-thumbnail","7":"category-politike","8":"category-te-fundit","9":"tag-kuvendi-iken-ahmetaj","10":"tag-vjen-ndreca"},"_links":{"self":[{"href":"https:\/\/jugulajm.net\/index.php?rest_route=\/wp\/v2\/posts\/70263","targetHints":{"allow":["GET"]}}],"collection":[{"href":"https:\/\/jugulajm.net\/index.php?rest_route=\/wp\/v2\/posts"}],"about":[{"href":"https:\/\/jugulajm.net\/index.php?rest_route=\/wp\/v2\/types\/post"}],"author":[{"embeddable":true,"href":"https:\/\/jugulajm.net\/index.php?rest_route=\/wp\/v2\/users\/5"}],"replies":[{"embeddable":true,"href":"https:\/\/jugulajm.net\/index.php?rest_route=%2Fwp%2Fv2%2Fcomments&post=70263"}],"version-history":[{"count":0,"href":"https:\/\/jugulajm.net\/index.php?rest_route=\/wp\/v2\/posts\/70263\/revisions"}],"wp:featuredmedia":[{"embeddable":true,"href":"https:\/\/jugulajm.net\/index.php?rest_route=\/wp\/v2\/media\/70264"}],"wp:attachment":[{"href":"https:\/\/jugulajm.net\/index.php?rest_route=%2Fwp%2Fv2%2Fmedia&parent=70263"}],"wp:term":[{"taxonomy":"category","embeddable":true,"href":"https:\/\/jugulajm.net\/index.php?rest_route=%2Fwp%2Fv2%2Fcategories&post=70263"},{"taxonomy":"post_tag","embeddable":true,"href":"https:\/\/jugulajm.net\/index.php?rest_route=%2Fwp%2Fv2%2Ftags&post=70263"}],"curies":[{"name":"wp","href":"https:\/\/api.w.org\/{rel}","templated":true}]}}