{"id":70227,"date":"2024-01-14T09:38:26","date_gmt":"2024-01-14T08:38:26","guid":{"rendered":"https:\/\/jugulajm.net\/?p=70227"},"modified":"2024-01-14T09:38:26","modified_gmt":"2024-01-14T08:38:26","slug":"emri-termeti-i-mbremshem-humb-jeten-20-vjecari","status":"publish","type":"post","link":"https:\/\/jugulajm.net\/?p=70227","title":{"rendered":"EMRI\/ T\u00ebrmeti i mbr\u00ebmsh\u00ebm, humb jet\u00ebn 20-vje\u00e7ari"},"content":{"rendered":"<p>Konfirmohet viktima e par\u00eb nga t\u00ebrmeti i mbr\u00ebmjes s\u00eb djeshme.<\/p>\n<p>Nj\u00eb 20-vje\u00e7ar nga fshati \u00c7inar i Lushnjes ka humbur jet\u00ebn pas l\u00ebkundjeve t\u00eb tok\u00ebs.<\/p>\n<p>Daniel Rika \u00ebsht\u00eb trembur n\u00eb gjum\u00eb dhe pasi \u00ebsht\u00eb ngritur me shpejt\u00ebsi ka tentuar t\u00eb largohet me vrap.<\/p>\n<p>Fatkeq\u00ebsisht ai \u00ebsht\u00eb rr\u00ebzuar n\u00eb shkall\u00ebt e katit t\u00eb dyt\u00eb t\u00eb banes\u00ebs. 20-vje\u00e7ari jetonte bashk\u00eb me prind\u00ebrit.<\/p>\n<p>T\u00ebrmeti me magnitud\u00eb 4.5 t\u00eb shkall\u00ebs Rihter u ndje n\u00eb or\u00ebn 00.17 t\u00eb s\u00eb diel\u00ebs.<\/p>\n<p>Epiqendra e l\u00ebkundjeve ishte n\u00eb Elbasan. P\u00ebr pasoj\u00eb t\u00ebrmeti u ndje edhe n\u00eb shum\u00eb qytete t\u00eb tjera si Lushnj\u00eb, Tiran\u00eb, Durr\u00ebs, Kavaj\u00eb, Fier, Kor\u00e7\u00eb, Pogradec, Vlor\u00eb etj.<\/p>\n","protected":false},"excerpt":{"rendered":"<p>Konfirmohet viktima e par\u00eb nga t\u00ebrmeti i mbr\u00ebmjes s\u00eb djeshme. Nj\u00eb 20-vje\u00e7ar nga fshati \u00c7inar i Lushnjes ka humbur jet\u00ebn pas l\u00ebkundjeve t\u00eb tok\u00ebs. Daniel Rika \u00ebsht\u00eb trembur n\u00eb gjum\u00eb dhe pasi \u00ebsht\u00eb ngritur me shpejt\u00ebsi ka tentuar t\u00eb largohet me vrap. Fatkeq\u00ebsisht ai \u00ebsht\u00eb rr\u00ebzuar n\u00eb shkall\u00ebt e katit t\u00eb dyt\u00eb t\u00eb banes\u00ebs. 20-vje\u00e7ari [&hellip;]<\/p>\n","protected":false},"author":5,"featured_media":53407,"comment_status":"closed","ping_status":"closed","sticky":false,"template":"","format":"standard","meta":{"footnotes":""},"categories":[1,6332],"tags":[28835,24272],"class_list":{"0":"post-70227","1":"post","2":"type-post","3":"status-publish","4":"format-standard","5":"has-post-thumbnail","7":"category-aktualitet","8":"category-te-fundit","9":"tag-emri-termeti-i-mbremshem","10":"tag-humb-jeten-20-vjecari"},"_links":{"self":[{"href":"https:\/\/jugulajm.net\/index.php?rest_route=\/wp\/v2\/posts\/70227","targetHints":{"allow":["GET"]}}],"collection":[{"href":"https:\/\/jugulajm.net\/index.php?rest_route=\/wp\/v2\/posts"}],"about":[{"href":"https:\/\/jugulajm.net\/index.php?rest_route=\/wp\/v2\/types\/post"}],"author":[{"embeddable":true,"href":"https:\/\/jugulajm.net\/index.php?rest_route=\/wp\/v2\/users\/5"}],"replies":[{"embeddable":true,"href":"https:\/\/jugulajm.net\/index.php?rest_route=%2Fwp%2Fv2%2Fcomments&post=70227"}],"version-history":[{"count":0,"href":"https:\/\/jugulajm.net\/index.php?rest_route=\/wp\/v2\/posts\/70227\/revisions"}],"wp:featuredmedia":[{"embeddable":true,"href":"https:\/\/jugulajm.net\/index.php?rest_route=\/wp\/v2\/media\/53407"}],"wp:attachment":[{"href":"https:\/\/jugulajm.net\/index.php?rest_route=%2Fwp%2Fv2%2Fmedia&parent=70227"}],"wp:term":[{"taxonomy":"category","embeddable":true,"href":"https:\/\/jugulajm.net\/index.php?rest_route=%2Fwp%2Fv2%2Fcategories&post=70227"},{"taxonomy":"post_tag","embeddable":true,"href":"https:\/\/jugulajm.net\/index.php?rest_route=%2Fwp%2Fv2%2Ftags&post=70227"}],"curies":[{"name":"wp","href":"https:\/\/api.w.org\/{rel}","templated":true}]}}