{"id":70145,"date":"2024-01-12T11:59:23","date_gmt":"2024-01-12T10:59:23","guid":{"rendered":"https:\/\/jugulajm.net\/?p=70145"},"modified":"2024-01-12T12:04:05","modified_gmt":"2024-01-12T11:04:05","slug":"prangot-26-vjecari-perndiqte-32-vjecaren","status":"publish","type":"post","link":"https:\/\/jugulajm.net\/?p=70145","title":{"rendered":"P\u00ebrndiqte 32-vje\u00e7aren, prangoset 26-vje\u00e7ari"},"content":{"rendered":"<p>Nj\u00eb 26-vje\u00e7ar \u00ebsht\u00eb arrestuar dit\u00ebn e sotme n\u00eb Durr\u00ebs p\u00ebr p\u00ebrndjekje.<\/p>\n<p>M\u00ebsohet se i riu prej m\u00eb shum\u00eb se nj\u00eb muaji p\u00ebrndoqi nj\u00eb vajz\u00eb 32-vje\u00e7are n\u00eb rrjetet sociale n\u00eb m\u00ebnyr\u00eb t\u00eb vazhdueshme.<\/p>\n<p>Ky rast u b\u00eb publik nga emisioni investigativ Piranjat.<\/p>\n<p><strong>Njoftimi i Policis\u00eb:<\/strong><\/p>\n<p><em>Durr\u00ebs P\u00ebrndoqi p\u00ebr rreth 1 muaj, nj\u00eb 32-vje\u00e7are, n\u00ebp\u00ebrmjet nj\u00eb llogarie false n\u00eb rrjete sociale, vihet n\u00eb pranga menj\u00ebher\u00eb pas kall\u00ebzimit, 26-vje\u00e7ari. I arrestuari, i d\u00ebnuar m\u00eb par\u00eb p\u00ebr p\u00ebrndjekje. Specialist\u00ebt p\u00ebr Hetimin e Krimeve Kompjuterike t\u00eb Drejtoris\u00eb Vendore t\u00eb Policis\u00eb Durr\u00ebs, menj\u00ebher\u00eb pasi nj\u00eb 32-vje\u00e7areje, e shoq\u00ebruar nga nj\u00eb gazetare e emisionit \u201cPiranjat\u201d, kall\u00ebzoi se p\u00ebrndiqej n\u00eb rrjete sociale, kan\u00eb organizuar pun\u00ebn p\u00ebr t\u00eb arrestuar autorin.<\/em><\/p>\n<p><em>Sh\u00ebrbimet e Policis\u00eb kap\u00ebn dhe vun\u00eb n\u00eb pranga shtetasin F. H., 26 vje\u00e7, banues n\u00eb fshatin Rad\u00eb Manz\u00eb, i d\u00ebnuar m\u00eb par\u00eb p\u00ebr vepr\u00ebn penale \u201cP\u00ebrndjekja\u201d, pasi dyshohet se p\u00ebr nj\u00eb periudh\u00eb nj\u00ebmujore, ka p\u00ebrndjekur nj\u00eb shtetase 32 vje\u00e7e, n\u00ebp\u00ebrmjet nj\u00eb llogarie false n\u00eb rrjetin social Instagram. Materialet procedurale i kaluan Prokuroris\u00eb pran\u00eb Gjykat\u00ebs s\u00eb Shkall\u00ebs s\u00eb Par\u00eb t\u00eb Juridiksionit t\u00eb P\u00ebrgjithsh\u00ebm Durr\u00ebs, p\u00ebr veprime t\u00eb m\u00ebtejshme, p\u00ebr veprat penale \u201cP\u00ebrndjekja\u201d dhe \u201cNd\u00ebrhyrje t\u00eb padrejta n\u00eb jet\u00ebn private\u201d. Policia fal\u00ebnderon gaz\u00ebtar\u00ebt e emisionit \u201cPiranjat\u201d, p\u00ebr denoncimin e rastit, si dhe fton ata, median dhe qytetar\u00ebt q\u00eb t\u00eb kall\u00ebzojn\u00eb \u00e7do paligjshm\u00ebri q\u00eb hasin. Reagimi ndaj autor\u00ebve t\u00eb tyre do t\u00eb jet\u00eb i menj\u00ebhersh\u00ebm dhe me ashp\u00ebrsin\u00eb e ligjit.<\/em><\/p>\n","protected":false},"excerpt":{"rendered":"<p>Nj\u00eb 26-vje\u00e7ar \u00ebsht\u00eb arrestuar dit\u00ebn e sotme n\u00eb Durr\u00ebs p\u00ebr p\u00ebrndjekje. M\u00ebsohet se i riu prej m\u00eb shum\u00eb se nj\u00eb muaji p\u00ebrndoqi nj\u00eb vajz\u00eb 32-vje\u00e7are n\u00eb rrjetet sociale n\u00eb m\u00ebnyr\u00eb t\u00eb vazhdueshme. Ky rast u b\u00eb publik nga emisioni investigativ Piranjat. Njoftimi i Policis\u00eb: Durr\u00ebs P\u00ebrndoqi p\u00ebr rreth 1 muaj, nj\u00eb 32-vje\u00e7are, n\u00ebp\u00ebrmjet nj\u00eb llogarie [&hellip;]<\/p>\n","protected":false},"author":5,"featured_media":56323,"comment_status":"closed","ping_status":"closed","sticky":false,"template":"","format":"standard","meta":{"footnotes":""},"categories":[1,6332],"tags":[28799,24804],"class_list":{"0":"post-70145","1":"post","2":"type-post","3":"status-publish","4":"format-standard","5":"has-post-thumbnail","7":"category-aktualitet","8":"category-te-fundit","9":"tag-perndiqte-32-vjecaren","10":"tag-prangoset-26-vjecari"},"_links":{"self":[{"href":"https:\/\/jugulajm.net\/index.php?rest_route=\/wp\/v2\/posts\/70145","targetHints":{"allow":["GET"]}}],"collection":[{"href":"https:\/\/jugulajm.net\/index.php?rest_route=\/wp\/v2\/posts"}],"about":[{"href":"https:\/\/jugulajm.net\/index.php?rest_route=\/wp\/v2\/types\/post"}],"author":[{"embeddable":true,"href":"https:\/\/jugulajm.net\/index.php?rest_route=\/wp\/v2\/users\/5"}],"replies":[{"embeddable":true,"href":"https:\/\/jugulajm.net\/index.php?rest_route=%2Fwp%2Fv2%2Fcomments&post=70145"}],"version-history":[{"count":0,"href":"https:\/\/jugulajm.net\/index.php?rest_route=\/wp\/v2\/posts\/70145\/revisions"}],"wp:featuredmedia":[{"embeddable":true,"href":"https:\/\/jugulajm.net\/index.php?rest_route=\/wp\/v2\/media\/56323"}],"wp:attachment":[{"href":"https:\/\/jugulajm.net\/index.php?rest_route=%2Fwp%2Fv2%2Fmedia&parent=70145"}],"wp:term":[{"taxonomy":"category","embeddable":true,"href":"https:\/\/jugulajm.net\/index.php?rest_route=%2Fwp%2Fv2%2Fcategories&post=70145"},{"taxonomy":"post_tag","embeddable":true,"href":"https:\/\/jugulajm.net\/index.php?rest_route=%2Fwp%2Fv2%2Ftags&post=70145"}],"curies":[{"name":"wp","href":"https:\/\/api.w.org\/{rel}","templated":true}]}}