{"id":70133,"date":"2024-01-11T21:14:47","date_gmt":"2024-01-11T20:14:47","guid":{"rendered":"https:\/\/jugulajm.net\/?p=70133"},"modified":"2024-01-11T21:14:47","modified_gmt":"2024-01-11T20:14:47","slug":"burri-i-vrau-vellain-flet-gruaja-e-autorit-nuk-besoj-se-vellai-im-abuzoi-me-18-vjecaren","status":"publish","type":"post","link":"https:\/\/jugulajm.net\/?p=70133","title":{"rendered":"Burri i vrau v\u00ebllain, flet gruaja e autorit: Nuk besoj se v\u00ebllai im abuzoi me 18-vje\u00e7aren"},"content":{"rendered":"<p>Gruaja e 50-vje\u00e7arit Fatmir Tarellari q\u00eb vrau kunatin e tij Erion Pelivani 33 vje\u00e7 n\u00eb Greqi, thot\u00eb se nuk beson q\u00eb v\u00ebllai i saj t\u00eb ket\u00eb abuzuar seksualisht me thjeshtr\u00ebn e saj 18-vje\u00e7are.<\/p>\n<p>N\u00eb nj\u00eb intervist\u00eb p\u00ebr mediat greke, ajo ka th\u00ebn\u00eb se bashk\u00ebshorti nuk duhej t\u2019i kishte vrar\u00eb v\u00ebllain.<\/p>\n<p>\u201c<em>\u00c7far\u00ebdo q\u00eb mund t\u00eb ket\u00eb ndodhur, ka ligj, nuk duhej t\u2019i kishte b\u00ebr\u00eb ato gj\u00ebra. Kemi nj\u00eb vajz\u00eb bashk\u00eb q\u00eb tani \u00ebsht\u00eb 10 vje\u00e7. Un\u00eb nuk dija asgj\u00eb. Vajza p\u00ebsoi at\u00eb \u00e7far\u00eb p\u00ebsoi dhe e tha tani, na mbylli der\u00ebn e sht\u00ebpis\u00eb. K\u00ebt\u00eb krim q\u00eb b\u00ebri im shoq nuk duhej ta b\u00ebnte. Askush nuk ka t\u00eb drejt\u00eb t\u00eb vras\u00eb ask\u00ebnd. Kam duruar gjith\u00eb k\u00ebto vite, i rrita f\u00ebmij\u00ebt e tij. Vajza e tij vinte n\u00eb sht\u00ebpi dy her\u00eb n\u00eb jav\u00eb. Nuk besoj se v\u00ebllai im i ka b\u00ebr\u00eb gj\u00eb asaj\u201d,<\/em>\u00a0u shpreh gruaja e autorit dhe motra e viktim\u00ebs.<\/p>\n<p>Ajo shkon m\u00eb tej duke hedhur akuza edhe n\u00eb adres\u00eb t\u00eb bashk\u00ebshortit.<\/p>\n<p><em>\u201cAi nuk \u00ebsht\u00eb njeri i mir\u00eb, g\u00ebnjeu, \u00ebsht\u00eb ekspert p\u00ebr t\u00eb g\u00ebnjyer. Un\u00eb q\u00eb jetoja me t\u00eb e kuptova von\u00eb. Nxehej shpejt, nuk ishte as baba i mir\u00eb, i linte f\u00ebmij\u00ebt dhe shkonte p\u00ebr gjueti. I flisja por nuk m\u00eb d\u00ebgjonte\u201d,<\/em>\u00a0shtoi ajo.<\/p>\n<p>Nd\u00ebrsa banor\u00ebt e zon\u00ebs e kan\u00eb p\u00ebrshkruar autorin si nj\u00eb njeri t\u00eb qet\u00eb, pun\u00ebtor dhe familjar.<\/p>\n<p>50-vje\u00e7ari Fatmir Tarellari ka 3 f\u00ebmij\u00eb nga martesa e par\u00eb, nd\u00ebrsa me gruan e dyt\u00eb ka nj\u00eb vajz\u00eb 10-vje\u00e7are.<\/p>\n<p>Dy dit\u00eb m\u00eb par\u00eb ai vrau kunatin Erion Pelivani pasi vajza 18-vje\u00e7are nga martesa e par\u00eb i tregoi se ishte abuzuar seksualisht prej 33-vje\u00e7arit Pelivani p\u00ebr disa vite me radh\u00eb dhe se ai e shantazhonte p\u00ebr t\u2019i marr\u00eb para n\u00eb k\u00ebmbim t\u00eb mospublikimit t\u00eb disa videove imorale q\u00eb i kishte b\u00ebr\u00eb.<\/p>\n<p>I ati i vajz\u00ebs, Fatmir Tarellari, pasi m\u00ebsoi k\u00ebt\u00eb gj\u00eb nga e bija, shkoi dhe u p\u00ebrball me kunatin duke e vrar\u00eb me \u00e7ifte. M\u00eb pas u dor\u00ebzua vet\u00eb n\u00eb policin\u00eb greke duke rr\u00ebfyer krimin q\u00eb kishte b\u00ebr\u00eb dhe motivin.<\/p>\n","protected":false},"excerpt":{"rendered":"<p>Gruaja e 50-vje\u00e7arit Fatmir Tarellari q\u00eb vrau kunatin e tij Erion Pelivani 33 vje\u00e7 n\u00eb Greqi, thot\u00eb se nuk beson q\u00eb v\u00ebllai i saj t\u00eb ket\u00eb abuzuar seksualisht me thjeshtr\u00ebn e saj 18-vje\u00e7are. N\u00eb nj\u00eb intervist\u00eb p\u00ebr mediat greke, ajo ka th\u00ebn\u00eb se bashk\u00ebshorti nuk duhej t\u2019i kishte vrar\u00eb v\u00ebllain. \u201c\u00c7far\u00ebdo q\u00eb mund t\u00eb ket\u00eb [&hellip;]<\/p>\n","protected":false},"author":5,"featured_media":70085,"comment_status":"closed","ping_status":"closed","sticky":false,"template":"","format":"standard","meta":{"footnotes":""},"categories":[1,6332],"tags":[28794,28795],"class_list":{"0":"post-70133","1":"post","2":"type-post","3":"status-publish","4":"format-standard","5":"has-post-thumbnail","7":"category-aktualitet","8":"category-te-fundit","9":"tag-burri-i-vrau-vellain","10":"tag-flet-gruaja-e-autorit-nuk-besoj-se-vellai-im-abuzoi-me-18-vjecaren"},"_links":{"self":[{"href":"https:\/\/jugulajm.net\/index.php?rest_route=\/wp\/v2\/posts\/70133","targetHints":{"allow":["GET"]}}],"collection":[{"href":"https:\/\/jugulajm.net\/index.php?rest_route=\/wp\/v2\/posts"}],"about":[{"href":"https:\/\/jugulajm.net\/index.php?rest_route=\/wp\/v2\/types\/post"}],"author":[{"embeddable":true,"href":"https:\/\/jugulajm.net\/index.php?rest_route=\/wp\/v2\/users\/5"}],"replies":[{"embeddable":true,"href":"https:\/\/jugulajm.net\/index.php?rest_route=%2Fwp%2Fv2%2Fcomments&post=70133"}],"version-history":[{"count":0,"href":"https:\/\/jugulajm.net\/index.php?rest_route=\/wp\/v2\/posts\/70133\/revisions"}],"wp:featuredmedia":[{"embeddable":true,"href":"https:\/\/jugulajm.net\/index.php?rest_route=\/wp\/v2\/media\/70085"}],"wp:attachment":[{"href":"https:\/\/jugulajm.net\/index.php?rest_route=%2Fwp%2Fv2%2Fmedia&parent=70133"}],"wp:term":[{"taxonomy":"category","embeddable":true,"href":"https:\/\/jugulajm.net\/index.php?rest_route=%2Fwp%2Fv2%2Fcategories&post=70133"},{"taxonomy":"post_tag","embeddable":true,"href":"https:\/\/jugulajm.net\/index.php?rest_route=%2Fwp%2Fv2%2Ftags&post=70133"}],"curies":[{"name":"wp","href":"https:\/\/api.w.org\/{rel}","templated":true}]}}