{"id":70121,"date":"2024-01-11T14:08:15","date_gmt":"2024-01-11T13:08:15","guid":{"rendered":"https:\/\/jugulajm.net\/?p=70121"},"modified":"2024-01-11T14:08:15","modified_gmt":"2024-01-11T13:08:15","slug":"bechetti-kerkese-melonit-eurot-qe-do-ti-jepni-shqiperise-per-emigrantet-mi-jepni-mua-se-mi-ka-borxh","status":"publish","type":"post","link":"https:\/\/jugulajm.net\/?p=70121","title":{"rendered":"Bechetti k\u00ebrkes\u00eb Melonit: Eurot q\u00eb do t&#8217;i jepni Shqip\u00ebris\u00eb p\u00ebr emigrant\u00ebt, m&#8217;i jepni mua se m&#8217;i ka borxh"},"content":{"rendered":"<p>Mediat italiane kan\u00eb publikuar lajmin se sip\u00ebrmarr\u00ebsi italian, Francesco Becchetti, pronar i televizionit Agon Channel, do t\u00eb apeloj\u00eb n\u00eb Gjykat\u00ebn Europiane marr\u00ebveshjen mbi emigrant\u00ebt mes Italis\u00eb e Shqip\u00ebris\u00eb.<\/p>\n<p>Sip\u00ebrmarr\u00ebsi italian, i cili ka fituar nj\u00eb gjyq nd\u00ebrkomb\u00ebtar kund\u00ebr qeveris\u00eb shqiptare, me nj\u00eb d\u00ebmshp\u00ebrblim prej 135 milion\u00eb euro, ka informuar qeverin\u00eb italiane mbi sekuestrimin e s\u00eb nj\u00ebjt\u00ebs vler\u00eb p\u00ebr shumat q\u00eb Italia synon t&#8217;i paguaj\u00eb Shqip\u00ebris\u00eb me marr\u00ebveshjen p\u00ebr emigrant\u00ebt.<\/p>\n<p>Sip\u00ebrmarr\u00ebsi Becchetti ka informuar se do t\u00eb paraqes\u00eb nj\u00eb apel n\u00eb Gjykat\u00ebn e Drejt\u00ebsis\u00eb s\u00eb Bashkimit Europian, duke deklaruar se norma &#8220;\u00ebsht\u00eb nj\u00eb akt shum\u00eb i r\u00ebnd\u00eb arbitrariteti, ndaj personit dhe i paligjsh\u00ebm&#8221;. Becchetti k\u00ebrkon sekuestrimin e t\u00eb gjitha shum\u00ebs \u201cderi n\u00eb 135 milion\u00eb euro\u201d, t\u00eb cilat qeveria italiane ka marr\u00eb p\u00ebrsip\u00ebr t&#8217;i paguaj\u00eb Shqip\u00ebris\u00eb n\u00eb baz\u00eb t\u00eb protokollit t\u00eb 6 n\u00ebntorit 2023.<\/p>\n<p>\u201cN\u00ebp\u00ebrmjet avokat\u00ebve t\u00eb tij, n\u00eb n\u00ebntor t\u00eb vitit 2023, sip\u00ebrmarr\u00ebsi italian ka informuar presidenc\u00ebn e K\u00ebshillit t\u00eb Ministrave dhe t\u00eb gjitha ministrit\u00eb e qeveris\u00eb italiane me nj\u00eb flet\u00eb-sekuestro, n\u00eb m\u00ebnyr\u00eb q\u00eb t\u00eb sekuestrohen t\u00eb gjitha shumat q\u00eb qeveria italiane ka marr\u00eb p\u00ebrsip\u00ebr t&#8217;i paguaj\u00eb qeveris\u00eb shqiptare n\u00eb baz\u00eb t\u00eb protokollit t\u00eb dat\u00ebs 6 n\u00ebntor 2023\u201d, shkruan Il fatto quotidiano.<\/p>\n<p>Biznesmeni italian Francesco Becchettin, \u00ebsht\u00eb d\u00ebnuar me 16 vite burg p\u00ebr krijimin nj\u00eb skeme mashtrimi me TVSH dhe pastrim parash, p\u00ebrmes kompanive t\u00eb tij.<\/p>\n<div class=\"insertion-box\">\n<div class=\"\">\n<div id=\"t659fe7c14a352\" data-p=\"100\"><\/div>\n<\/div>\n<\/div>\n<p>Po ashtu edhe n\u00ebna e tij Liliana Condomitti \u00ebsht\u00eb d\u00ebnuar me 8 vite burg, p\u00ebr vepr\u00ebn penale t\u00eb \u201cPastrimit t\u00eb produkteve t\u00eb vepr\u00ebs penale\u201d.<\/p>\n<p>Francesco Becchetti u d\u00ebnua pasi p\u00ebrmes kompanive t\u00eb tij kishte krijuar nj\u00eb skem\u00eb t\u00eb mashtrimit me TVSH dhe pastrim parash. Biznesmeni italian vazhdon t\u00eb jet\u00eb n\u00eb arrati dhe p\u00ebr t\u00eb ka nj\u00eb mandat arresti nd\u00ebrkomb\u00ebtar.<\/p>\n<p>Sipas gjykat\u00ebs penale n\u00eb vendimin e dh\u00ebn\u00eb n\u00eb krye t\u00eb nj\u00eb skeme fiktive t\u00eb lidhur me nd\u00ebrtimin e hidrocentralit t\u00eb Kaliva\u00e7, gjyqesh, faturash e qarkullimi aksionesh mes kompanive q\u00ebndron Becchetti.<\/p>\n<p>Pra d\u00ebnimi i gjykat\u00ebs ka v\u00ebrtetuar se investigimi dhe hetimi i prokuroris\u00eb ndaj Becchettit dhe firm\u00ebs s\u00eb tij (duke p\u00ebrfshir\u00eb televizionin Agon Channel) ishte bazuar mbi shkelje konkrete dhe jo mbi persekutim politik si ka konkluduar arbitrazhi.<\/p>\n","protected":false},"excerpt":{"rendered":"<p>Mediat italiane kan\u00eb publikuar lajmin se sip\u00ebrmarr\u00ebsi italian, Francesco Becchetti, pronar i televizionit Agon Channel, do t\u00eb apeloj\u00eb n\u00eb Gjykat\u00ebn Europiane marr\u00ebveshjen mbi emigrant\u00ebt mes Italis\u00eb e Shqip\u00ebris\u00eb. Sip\u00ebrmarr\u00ebsi italian, i cili ka fituar nj\u00eb gjyq nd\u00ebrkomb\u00ebtar kund\u00ebr qeveris\u00eb shqiptare, me nj\u00eb d\u00ebmshp\u00ebrblim prej 135 milion\u00eb euro, ka informuar qeverin\u00eb italiane mbi sekuestrimin e s\u00eb [&hellip;]<\/p>\n","protected":false},"author":5,"featured_media":57781,"comment_status":"closed","ping_status":"closed","sticky":false,"template":"","format":"standard","meta":{"footnotes":""},"categories":[1,6332],"tags":[28787,28788],"class_list":{"0":"post-70121","1":"post","2":"type-post","3":"status-publish","4":"format-standard","5":"has-post-thumbnail","7":"category-aktualitet","8":"category-te-fundit","9":"tag-bechetti-kerkese-melonit-eurot-qe-do-ti-jepni-shqiperise-per-emigrantet","10":"tag-mi-jepni-mua-se-mi-ka-borxh"},"_links":{"self":[{"href":"https:\/\/jugulajm.net\/index.php?rest_route=\/wp\/v2\/posts\/70121","targetHints":{"allow":["GET"]}}],"collection":[{"href":"https:\/\/jugulajm.net\/index.php?rest_route=\/wp\/v2\/posts"}],"about":[{"href":"https:\/\/jugulajm.net\/index.php?rest_route=\/wp\/v2\/types\/post"}],"author":[{"embeddable":true,"href":"https:\/\/jugulajm.net\/index.php?rest_route=\/wp\/v2\/users\/5"}],"replies":[{"embeddable":true,"href":"https:\/\/jugulajm.net\/index.php?rest_route=%2Fwp%2Fv2%2Fcomments&post=70121"}],"version-history":[{"count":0,"href":"https:\/\/jugulajm.net\/index.php?rest_route=\/wp\/v2\/posts\/70121\/revisions"}],"wp:featuredmedia":[{"embeddable":true,"href":"https:\/\/jugulajm.net\/index.php?rest_route=\/wp\/v2\/media\/57781"}],"wp:attachment":[{"href":"https:\/\/jugulajm.net\/index.php?rest_route=%2Fwp%2Fv2%2Fmedia&parent=70121"}],"wp:term":[{"taxonomy":"category","embeddable":true,"href":"https:\/\/jugulajm.net\/index.php?rest_route=%2Fwp%2Fv2%2Fcategories&post=70121"},{"taxonomy":"post_tag","embeddable":true,"href":"https:\/\/jugulajm.net\/index.php?rest_route=%2Fwp%2Fv2%2Ftags&post=70121"}],"curies":[{"name":"wp","href":"https:\/\/api.w.org\/{rel}","templated":true}]}}