{"id":70114,"date":"2024-01-11T10:17:48","date_gmt":"2024-01-11T09:17:48","guid":{"rendered":"https:\/\/jugulajm.net\/?p=70114"},"modified":"2024-01-11T10:17:48","modified_gmt":"2024-01-11T09:17:48","slug":"situata-gripale-mjeku-alimehmeti-ja-disa-keshilla-si-ta-kaloni-me-lehte","status":"publish","type":"post","link":"https:\/\/jugulajm.net\/?p=70114","title":{"rendered":"Situata gripale, mjeku Alimehmeti: Ja disa k\u00ebshilla si ta kaloni m\u00eb leht\u00eb&#8230;"},"content":{"rendered":"<p>Mjeku epidemiolog Ilir Alimehmeti \u00ebsht\u00eb shprehur se n\u00eb fillimin e vitit t\u00eb ri kemi nj\u00eb shtim t\u00eb numrit t\u00eb personave t\u00eb prekur nga virozat gripale. I ftuar n\u00eb Euronews Albania, Alimehmeti tha se numri i t\u00eb prekurve pritet t\u00eb bjer\u00eb n\u00eb fund t\u00eb muajit janar.<\/p>\n<p>Ai tregoi se gripi kalon m\u00eb thjesht\u00eb n\u00ebse q\u00ebndrojm\u00eb n\u00ebn trajtim, duke mos u ekspozuar n\u00eb t\u00eb ftoht\u00eb dhe duke konsumuar \u00e7ajra bimor\u00eb dhe ushqime t\u00eb nxehta.<\/p>\n<p>\u201c<em>Tirana 1 milion banor\u00eb, Kor\u00e7a 50 mij\u00eb banor\u00eb\u2026 Patjet\u00ebr q\u00eb qendra Tirana do jet\u00eb. N\u00eb periudh\u00eb dimri ne do kemi qarkullim t\u00eb viruseve respiratore. \u00cbsht\u00eb n\u00eb natyr\u00ebn e njeriut t\u00eb themi q\u00eb grip si ky skemi par\u00eb.<\/em><\/p>\n<p><em>Gjat\u00eb festive ne l\u00ebvizim shum\u00eb, takojm\u00eb njer\u00ebz q\u00eb zakonisht nuk i takojm\u00eb dhe janari na gjen n\u00eb k\u00ebt\u00eb kub\u00ebn ngjit\u00ebse, q\u00eb besoj se do t\u00eb zbresi nga fundi i janarit. Shyqyr q\u00eb ne po shqet\u00ebsohemi se tani kemi vet\u00ebm nj\u00eb koll\u00eb, imagjinoni vite m\u00eb par\u00eb q\u00eb thoshim nuk mbushemi dot me frym\u00eb, e me radh\u00eb. H3N2 ka tendenc\u00eb q\u00eb t\u00eb shkoj\u00eb deri n\u00eb 3 jav\u00eb shkolla.<\/em><\/p>\n<p><em>N\u00ebse kjo komplikohet, n\u00eb shum\u00eb pak raste kalon n\u00eb pneumoni, q\u00eb ka nevoj\u00eb p\u00ebr trajtim tjet\u00ebr. Po t\u00eb ndjekim k\u00ebshillat e gjyshes, ato din\u00eb ta trajtojn\u00eb gripin p\u00ebr mrekulli. B\u00ebjn\u00eb o \u00e7aj, o sup\u00eb, din\u00eb q\u00eb duhet t\u00eb rrin\u00eb brenda. Gripi kalon p\u00ebr nj\u00eb jav\u00eb n\u00ebn trajtim dhe p\u00ebr 10 dit\u00eb pa trajtim\u201d,<\/em>\u00a0tha Alimehmeti.<\/p>\n","protected":false},"excerpt":{"rendered":"<p>Mjeku epidemiolog Ilir Alimehmeti \u00ebsht\u00eb shprehur se n\u00eb fillimin e vitit t\u00eb ri kemi nj\u00eb shtim t\u00eb numrit t\u00eb personave t\u00eb prekur nga virozat gripale. I ftuar n\u00eb Euronews Albania, Alimehmeti tha se numri i t\u00eb prekurve pritet t\u00eb bjer\u00eb n\u00eb fund t\u00eb muajit janar. Ai tregoi se gripi kalon m\u00eb thjesht\u00eb n\u00ebse q\u00ebndrojm\u00eb n\u00ebn [&hellip;]<\/p>\n","protected":false},"author":5,"featured_media":70115,"comment_status":"closed","ping_status":"closed","sticky":false,"template":"","format":"standard","meta":{"footnotes":""},"categories":[7652,6332],"tags":[28783,28782],"class_list":{"0":"post-70114","1":"post","2":"type-post","3":"status-publish","4":"format-standard","5":"has-post-thumbnail","7":"category-shendetesi","8":"category-te-fundit","9":"tag-mjeku-alimehmeti-ja-disa-keshilla-si-ta-kaloni-me-lehte","10":"tag-situata-gripale"},"_links":{"self":[{"href":"https:\/\/jugulajm.net\/index.php?rest_route=\/wp\/v2\/posts\/70114","targetHints":{"allow":["GET"]}}],"collection":[{"href":"https:\/\/jugulajm.net\/index.php?rest_route=\/wp\/v2\/posts"}],"about":[{"href":"https:\/\/jugulajm.net\/index.php?rest_route=\/wp\/v2\/types\/post"}],"author":[{"embeddable":true,"href":"https:\/\/jugulajm.net\/index.php?rest_route=\/wp\/v2\/users\/5"}],"replies":[{"embeddable":true,"href":"https:\/\/jugulajm.net\/index.php?rest_route=%2Fwp%2Fv2%2Fcomments&post=70114"}],"version-history":[{"count":0,"href":"https:\/\/jugulajm.net\/index.php?rest_route=\/wp\/v2\/posts\/70114\/revisions"}],"wp:featuredmedia":[{"embeddable":true,"href":"https:\/\/jugulajm.net\/index.php?rest_route=\/wp\/v2\/media\/70115"}],"wp:attachment":[{"href":"https:\/\/jugulajm.net\/index.php?rest_route=%2Fwp%2Fv2%2Fmedia&parent=70114"}],"wp:term":[{"taxonomy":"category","embeddable":true,"href":"https:\/\/jugulajm.net\/index.php?rest_route=%2Fwp%2Fv2%2Fcategories&post=70114"},{"taxonomy":"post_tag","embeddable":true,"href":"https:\/\/jugulajm.net\/index.php?rest_route=%2Fwp%2Fv2%2Ftags&post=70114"}],"curies":[{"name":"wp","href":"https:\/\/api.w.org\/{rel}","templated":true}]}}