{"id":70104,"date":"2024-01-10T22:56:29","date_gmt":"2024-01-10T21:56:29","guid":{"rendered":"https:\/\/jugulajm.net\/?p=70104"},"modified":"2024-01-10T22:56:29","modified_gmt":"2024-01-10T21:56:29","slug":"flet-12-vjecarja-e-abuzuar-seksualisht-29-vjecari-me-jepte-kontraceptive-qe","status":"publish","type":"post","link":"https:\/\/jugulajm.net\/?p=70104","title":{"rendered":"Flet 12-vje\u00e7arja e abuzuar seksualisht: 29-vje\u00e7ari m\u00eb jepte kontraceptiv\u00eb q\u00eb&#8230;"},"content":{"rendered":"<p>Emisioni Fiks Fare solli detaje trondit\u00ebse nga ngjarja e fshatit V\u00ebrdov\u00eb t\u00eb Pogradecit, ku nj\u00eb 29 vje\u00e7ar abuzonte me nj\u00eb 12 vje\u00e7are prej 2 vitesh dhe q\u00eb t\u00eb mos mbetej shtatzan\u00eb ai i jepte kontraceptiv\u00eb q\u00eb 10 vje\u00e7.<\/p>\n<div class=\"insertion-box\">\n<div class=\"\">\n<div id=\"t659f0d058c207\" data-p=\"100\">\n<div class=\"medianative\" data-reklama=\"Neptun Alfapress\"><\/div>\n<\/div>\n<\/div>\n<\/div>\n<p>E \u00ebma e t\u00eb mitur\u00ebs tregoi p\u00ebr Fiksin se vajza e saj prej 2 vitesh flinte n\u00eb dhom\u00eb vet\u00ebm me 29 vje\u00e7arin, por ajo kishte kuptuar se kishte marr\u00ebdh\u00ebnie seksuale mes tyre vet\u00ebm para dy muajsh. \u201cUn\u00eb nuk e dija k\u00ebt\u00eb gj\u00eb deri para 2 muajsh , kur i d\u00ebgjova pas dere edhe pse e mbanin t\u00eb mbyllur dhe mbyllnin edhe vrim\u00ebn e \u00e7el\u00ebsit\u201d tregoi per Fiksin n\u00ebna e t\u00eb mitur\u00ebs.<\/p>\n<p>Nd\u00ebrkoh\u00eb e mitura n\u00eb prezenc\u00eb t\u00eb gazetar\u00ebve tregon se sa her\u00eb kryenin marr\u00ebdh\u00ebnie seksuale 29 vje\u00e7ari kujdesej t\u2019i merrte kontraceptiv\u00eb q\u00eb t\u00eb mos mbetej shtatzan\u00eb. N\u00eb prani t\u00eb s\u00eb \u00ebm\u00ebs e mitura flet p\u00ebr familjen e djalit, ku sipas saj i ati dhe v\u00ebllai i tij e dinin marr\u00ebdh\u00ebnien e tyre.<\/p>\n<p>12 vje\u00e7arja duket e m\u00ebrzitur me t\u00eb \u00ebm\u00ebn p\u00ebr shkak t\u00eb denoncimit q\u00eb kjo e fundit ka b\u00ebr\u00eb, pasi sipas saj djali nuk duhet t\u00eb shkonte n\u00eb burg. Edhe pse gjat\u00eb bised\u00ebs me Fiksin pranon se 29 vje\u00e7ari \u00a0ishte b\u00ebr\u00eb shpesh her\u00eb penges\u00eb p\u00ebr t\u00eb mos shkuar n\u00eb shkoll\u00eb , duke q\u00ebndruar me t\u00eb e mbyllur n\u00eb dhom\u00eb.<\/p>\n<p>Kjo gj\u00eb ka sjell edhe problemet sh\u00ebndet\u00ebsore p\u00ebr t\u00eb mitur\u00ebn gj\u00eb q\u00eb e \u00ebma i \u00a0ka v\u00ebn\u00eb re, pasi shpesh ajo mungonte n\u00eb shkoll\u00eb nga dhimbjet e barkut.<\/p>\n<p>Fiksi nuk q\u00ebndroi vet\u00ebm te d\u00ebshmit\u00eb e tyre, por trokiti n\u00ebp\u00ebr institucione p\u00ebr t\u00eb m\u00ebsuar mbi fatin e t\u00eb mitur\u00ebs.<\/p>\n<p>N\u00eb shkoll\u00ebn ku 12 vje\u00e7arja m\u00ebsonte, n\u00ebndrejtoresha tregon se ajo prej 2 dit\u00ebsh nuk ka ardhur n\u00eb shkoll\u00eb, madje nuk ka asnj\u00eb informacion se ku \u00ebsht\u00eb.<\/p>\n<p>\u201cKam telefonuar disa her\u00eb t\u00eb \u00ebm\u00ebn nuk m\u00eb \u00ebsht\u00eb p\u00ebrgjigjur, nuk e di fare pse s\u2019ka ardhur dhe ku \u00ebsht\u00eb\u201d thot\u00eb n\u00ebndrejtoresha.<\/p>\n<p>Nd\u00ebrkoh\u00eb p\u00ebr psikologen e shkoll\u00ebs shqet\u00ebsimi kryesor \u00ebsht\u00eb gjendja e tyre ekonomike, pasi edhe vajza edhe e \u00ebma trajtohen me KEMP. Kjo se edhe e mitura ka nj\u00eb problem n\u00eb k\u00ebmb\u00eb, nd\u00ebrsa e \u00ebma n\u00eb shikim.<\/p>\n<p>P\u00ebr rastin ajo \u00ebsht\u00eb e painformuar, duke referuar rastin tek punonj\u00ebsja sociale e bashkis\u00eb, e cila mjaftohet me faktin q\u00eb e mitura do jet\u00eb n\u00eb nj\u00eb fshat t\u00eb larg\u00ebt t\u00eb Pogradecit.<\/p>\n<p>Gazetar\u00ebt e Fiksit mor\u00ebn nj\u00eb p\u00ebrgjigje edhe nga Nj\u00ebsia e Mbrojtjes s\u00eb F\u00ebmij\u00ebve n\u00eb Bashki, ku sipas punonj\u00ebses ky institucion po merret me rastin. \u201c Akti ekspertimit nuk \u00ebsht\u00eb b\u00ebr\u00eb, se nuk kemi m\u00eb ne kompetenca i ka vet\u00ebm prokurori. P\u00ebrsa i p\u00ebrket shkoll\u00ebs do shkoj\u00eb pasi t\u2019i gjejm\u00eb nj\u00eb banes\u00eb q\u00eb t\u2019ja paguaj\u00eb bonusin bashkia\u201d thot\u00eb punonj\u00ebsja.<\/p>\n<p>K\u00ebshtu e mitura e cila mori v\u00ebmendjen mediatike p\u00ebr tre dit\u00eb me radh\u00eb mbi at\u00eb \u00e7ka ka i ka ndodhur, por askush nuk u mor\u00eb me faktin sesi \u00ebsht\u00eb ajo pas gjith\u00eb k\u00ebsaj historie. Sot \u00ebsht\u00eb pa shkoll\u00eb dhe e braktisur.<\/p>\n","protected":false},"excerpt":{"rendered":"<p>Emisioni Fiks Fare solli detaje trondit\u00ebse nga ngjarja e fshatit V\u00ebrdov\u00eb t\u00eb Pogradecit, ku nj\u00eb 29 vje\u00e7ar abuzonte me nj\u00eb 12 vje\u00e7are prej 2 vitesh dhe q\u00eb t\u00eb mos mbetej shtatzan\u00eb ai i jepte kontraceptiv\u00eb q\u00eb 10 vje\u00e7. E \u00ebma e t\u00eb mitur\u00ebs tregoi p\u00ebr Fiksin se vajza e saj prej 2 vitesh flinte n\u00eb [&hellip;]<\/p>\n","protected":false},"author":5,"featured_media":70105,"comment_status":"closed","ping_status":"closed","sticky":false,"template":"","format":"standard","meta":{"footnotes":""},"categories":[1,6332],"tags":[28780],"class_list":{"0":"post-70104","1":"post","2":"type-post","3":"status-publish","4":"format-standard","5":"has-post-thumbnail","7":"category-aktualitet","8":"category-te-fundit","9":"tag-flet-12-vjecarja-e-abuzuar-seksualisht-29-vjecari-me-jepte-kontraceptive-qe"},"_links":{"self":[{"href":"https:\/\/jugulajm.net\/index.php?rest_route=\/wp\/v2\/posts\/70104","targetHints":{"allow":["GET"]}}],"collection":[{"href":"https:\/\/jugulajm.net\/index.php?rest_route=\/wp\/v2\/posts"}],"about":[{"href":"https:\/\/jugulajm.net\/index.php?rest_route=\/wp\/v2\/types\/post"}],"author":[{"embeddable":true,"href":"https:\/\/jugulajm.net\/index.php?rest_route=\/wp\/v2\/users\/5"}],"replies":[{"embeddable":true,"href":"https:\/\/jugulajm.net\/index.php?rest_route=%2Fwp%2Fv2%2Fcomments&post=70104"}],"version-history":[{"count":0,"href":"https:\/\/jugulajm.net\/index.php?rest_route=\/wp\/v2\/posts\/70104\/revisions"}],"wp:featuredmedia":[{"embeddable":true,"href":"https:\/\/jugulajm.net\/index.php?rest_route=\/wp\/v2\/media\/70105"}],"wp:attachment":[{"href":"https:\/\/jugulajm.net\/index.php?rest_route=%2Fwp%2Fv2%2Fmedia&parent=70104"}],"wp:term":[{"taxonomy":"category","embeddable":true,"href":"https:\/\/jugulajm.net\/index.php?rest_route=%2Fwp%2Fv2%2Fcategories&post=70104"},{"taxonomy":"post_tag","embeddable":true,"href":"https:\/\/jugulajm.net\/index.php?rest_route=%2Fwp%2Fv2%2Ftags&post=70104"}],"curies":[{"name":"wp","href":"https:\/\/api.w.org\/{rel}","templated":true}]}}