{"id":70102,"date":"2024-01-10T20:02:31","date_gmt":"2024-01-10T19:02:31","guid":{"rendered":"https:\/\/jugulajm.net\/?p=70102"},"modified":"2024-01-10T20:02:31","modified_gmt":"2024-01-10T19:02:31","slug":"vrau-kunatin-pasi-abuzoi-me-vajzen-gazetari-media-dhe-opinioni-ne-greqi-jane-solidarizuar-me-babain","status":"publish","type":"post","link":"https:\/\/jugulajm.net\/?p=70102","title":{"rendered":"Vrau kunatin pasi abuzoi me vajz\u00ebn, gazetari: Media dhe opinioni n\u00eb Greqi jan\u00eb solidarizuar me babain"},"content":{"rendered":"<p>\u201cM\u00eb helmoi f\u00ebmij\u00ebn\u201d, k\u00ebshtu deklaroi 50-vje\u00e7ari Fatmir Terallari i cili vrau kunatin e tij 33-vje\u00e7ar, pasi e bija i rr\u00ebfeu se ishte p\u00ebrdhunuar p\u00ebr 9 vite rresht nga v\u00ebllai i nj\u00ebrk\u00ebs s\u00eb saj.<\/p>\n<p>Nj\u00eb ngjarje e r\u00ebnd\u00eb, e cila \u00ebsht\u00eb komentuar shum\u00eb n\u00eb vendin fqinj. P\u00ebr t\u00eb folur mbi k\u00ebt\u00eb ngjarje ishte n\u00eb nj\u00eb lidhje me \u201cSKYPE\u201d \u00a0me emisionin Vizioni i Pasdites t\u00eb moderuar nga Brikena Prifti n\u00eb Vizion Plus, gazetari Edmond Guri.<\/p>\n<p>Gazetari theksoi se kjo ngjarje ka b\u00ebr\u00eb q\u00eb opinioni publik si n\u00eb shum\u00eb pak raste t\u00eb rreshtohet n\u00eb krah t\u00eb autorit t\u00eb krimit.<\/p>\n<p>Ai theksoi se qytetar\u00ebt e shohin monstruoz veprimin e 33-vje\u00e7arit, nd\u00ebrsa n\u00eb shum\u00eb komente k\u00ebrkojn\u00eb q\u00eb 50-vje\u00e7ari Terallari t\u00eb trajtohet ndryshe.<\/p>\n<p><strong>Pjes\u00eb nga biseda:<\/strong><\/p>\n<p><strong>Brikena Prifti:<\/strong>\u00a0Nj\u00eb tjet\u00ebr ngjarje ka ndodhur me protagonist\u00eb shqiptar\u00eb, ku babai vrau kunatin e tij pasi i kishte th\u00ebn\u00eb p\u00ebr p\u00ebrdhunimin e vajz\u00ebs?<\/p>\n<p><strong>Edmond Guri:<\/strong>\u00a0Ngjarja \u00ebsht\u00eb n\u00eb zhvillim e sip\u00ebr, \u00ebsht\u00eb n\u00eb zbardhje e sip\u00ebr. Por n\u00eb \u00e7do rast ka indinjuar opinionin. \u00cbsht\u00eb n\u00eb rastet e pakta kur n\u00eb media ka nj\u00eb solidaritet me babain. P\u00ebrve\u00e7 faktit se \u00ebsht\u00eb absurde t\u00eb pakt\u00ebn n\u00eb vendin ton\u00eb, t\u00eb kemi nj\u00eb monst\u00ebr t\u00eb till\u00eb i cili ka abuzuar me nj\u00eb t\u00eb mitur, dhe jo vet\u00ebm kaq ka ushtruar dhe dhun\u00eb psiokologjike, duke shantazhuar edhe me video. Ishte d\u00ebshmia e t\u00eb bij\u00ebs q\u00eb i tregoi t\u00eb bij\u00ebs se \u00e7far\u00eb ka ndodhur. I ati i shkokuar ka marr\u00eb makin\u00ebn ka shkuar n\u00eb nj\u00eb vend t\u00eb ve\u00e7ant\u00eb, e ka q\u00eblluar dy her\u00eb me \u00e7ifte dhe e ka ekzekutuar, m\u00eb pas ka telefonuar policin\u00eb dhe bashk\u00ebshorten duke i th\u00ebn\u00eb se ka vrar\u00eb v\u00ebllain t\u00ebnd.<\/p>\n<p><strong>Brikena Prifti:<\/strong>\u00a0Thuhet se ai bashk\u00eb me vajz\u00ebn kan\u00eb shkuar n\u00eb polici, kan\u00eb b\u00ebr\u00eb nj\u00eb denoncim, dhe pasi ka par\u00eb mesazhet ka k\u00ebrkuar takim me kunatin?<\/p>\n<p><strong>Edmond Guri:<\/strong>\u00a0Njoftim zyrtar i policis\u00eb \u00ebsht\u00eb q\u00eb 50-vje\u00e7ari ka informaur policin\u00eb pasi ka kryer vrasjen e kunatit t\u00eb tij. Ai ka th\u00ebn\u00eb se m\u00eb helmoi vajz\u00ebn m\u00eb shkat\u00ebrroi vajz\u00ebn dhe ka vrar\u00eb.<\/p>\n<p><strong>Brikena Prifti:<\/strong>\u00a0Vajza kishte dhe dy motra, por q\u00eb nuk kishin dijeni?<\/p>\n<p><strong>Edmond Guri:<\/strong>\u00a0Jan\u00eb informacione q\u00eb dalin nga mediat, por un\u00eb di q\u00eb ato jan\u00eb pjes\u00eb e hetimit. Si\u00e7 i thash\u00eb \u00ebsht\u00eb n\u00eb rastet e pakta q\u00eb kan\u00eb indinjuar opinionin publik, ku \u00ebsht\u00eb k\u00ebrkuar q\u00eb trajnimi gjyq\u00ebsor ndaj 50-vje\u00e7arit t\u00eb jet\u00eb ndryshe nga rastet e tjera.<\/p>\n<p><strong>Brikena Prifti:<\/strong>\u00a0Sa mendon se do t\u00eb ndikoj\u00eb kjo n\u00eb opinionin p\u00ebr shqiptar\u00ebt?<\/p>\n<p><strong>Edmond Guri:<\/strong>\u00a0P\u00ebr hir t\u00eb s\u00eb v\u00ebrtet\u00ebs edhe pse p\u00ebr trupin gjykues ka shum\u00eb pik\u00ebpyetje, s\u00ebrish ata jan\u00eb njer\u00ebz dhe kan\u00eb mend\u00ebsi dhe gjakftoht\u00ebsin\u00eb p\u00ebr t\u00eb trajtuar specifikisht \u00e7do ngjarje t\u00eb possa\u00e7me. Si\u00e7 isht\u00eb rasti analog ku djali ekzekutoi babain pasi abuzonte me motr\u00ebn e tij, \u00ebsht\u00eb trajtuar ndryshe. Un\u00eb mendoj q\u00eb do t\u00eb kemi nj\u00eb trajtim ndryshe.<\/p>\n","protected":false},"excerpt":{"rendered":"<p>\u201cM\u00eb helmoi f\u00ebmij\u00ebn\u201d, k\u00ebshtu deklaroi 50-vje\u00e7ari Fatmir Terallari i cili vrau kunatin e tij 33-vje\u00e7ar, pasi e bija i rr\u00ebfeu se ishte p\u00ebrdhunuar p\u00ebr 9 vite rresht nga v\u00ebllai i nj\u00ebrk\u00ebs s\u00eb saj. Nj\u00eb ngjarje e r\u00ebnd\u00eb, e cila \u00ebsht\u00eb komentuar shum\u00eb n\u00eb vendin fqinj. P\u00ebr t\u00eb folur mbi k\u00ebt\u00eb ngjarje ishte n\u00eb nj\u00eb lidhje [&hellip;]<\/p>\n","protected":false},"author":5,"featured_media":70085,"comment_status":"closed","ping_status":"closed","sticky":false,"template":"","format":"standard","meta":{"footnotes":""},"categories":[1,6332],"tags":[28779,28778],"class_list":{"0":"post-70102","1":"post","2":"type-post","3":"status-publish","4":"format-standard","5":"has-post-thumbnail","7":"category-aktualitet","8":"category-te-fundit","9":"tag-gazetari-media-dhe-opinioni-ne-greqi-jane-solidarizuar-me-babain","10":"tag-vrau-kunatin-pasi-abuzoi-me-vajzen"},"_links":{"self":[{"href":"https:\/\/jugulajm.net\/index.php?rest_route=\/wp\/v2\/posts\/70102","targetHints":{"allow":["GET"]}}],"collection":[{"href":"https:\/\/jugulajm.net\/index.php?rest_route=\/wp\/v2\/posts"}],"about":[{"href":"https:\/\/jugulajm.net\/index.php?rest_route=\/wp\/v2\/types\/post"}],"author":[{"embeddable":true,"href":"https:\/\/jugulajm.net\/index.php?rest_route=\/wp\/v2\/users\/5"}],"replies":[{"embeddable":true,"href":"https:\/\/jugulajm.net\/index.php?rest_route=%2Fwp%2Fv2%2Fcomments&post=70102"}],"version-history":[{"count":0,"href":"https:\/\/jugulajm.net\/index.php?rest_route=\/wp\/v2\/posts\/70102\/revisions"}],"wp:featuredmedia":[{"embeddable":true,"href":"https:\/\/jugulajm.net\/index.php?rest_route=\/wp\/v2\/media\/70085"}],"wp:attachment":[{"href":"https:\/\/jugulajm.net\/index.php?rest_route=%2Fwp%2Fv2%2Fmedia&parent=70102"}],"wp:term":[{"taxonomy":"category","embeddable":true,"href":"https:\/\/jugulajm.net\/index.php?rest_route=%2Fwp%2Fv2%2Fcategories&post=70102"},{"taxonomy":"post_tag","embeddable":true,"href":"https:\/\/jugulajm.net\/index.php?rest_route=%2Fwp%2Fv2%2Ftags&post=70102"}],"curies":[{"name":"wp","href":"https:\/\/api.w.org\/{rel}","templated":true}]}}