{"id":70093,"date":"2024-01-10T13:41:51","date_gmt":"2024-01-10T12:41:51","guid":{"rendered":"https:\/\/jugulajm.net\/?p=70093"},"modified":"2024-01-10T13:41:51","modified_gmt":"2024-01-10T12:41:51","slug":"vetehelmohet-me-fotoksine-45-vjecarja","status":"publish","type":"post","link":"https:\/\/jugulajm.net\/?p=70093","title":{"rendered":"Vet\u00ebhelmohet me fotoksin\u00eb 45-vje\u00e7arja"},"content":{"rendered":"<p>Nj\u00eb 45-vje\u00e7are \u00ebsht\u00eb vet\u00ebhelmuar mesdit\u00ebn e djeshme n\u00eb Berat.<\/p>\n<p>B\u00ebhet fjal\u00eb p\u00ebr shtetasen me iniciale F. B., e cila dyshohet se ka qen\u00eb n\u00eb gjendje t\u00eb r\u00ebnduar psikologjike, p\u00ebr shkak t\u00eb depresionit.<\/p>\n<p>Ajo \u00ebsht\u00eb d\u00ebrguar n\u00eb spital, por pavar\u00ebsisht p\u00ebrpjekjeve t\u00eb mjek\u00ebve, 45-vje\u00e7arja ka humbur jet\u00ebn.<\/p>\n<p>\u201cMesdit\u00ebn e djeshme, \u00ebsht\u00eb paraqitur p\u00ebr t\u00eb marr\u00eb mjekim n\u00eb spitalin rajonal t\u00eb Beratit, shtetasja F. B., 45 vje\u00e7e, e cila dyshohet se n\u00eb gjendje t\u00eb r\u00ebnduar psikologjike, p\u00ebr shkak t\u00eb depresionit, ka konsumuar Fotoksin\u00eb. Pavar\u00ebsisht nd\u00ebrhyrjes s\u00eb specializuar t\u00eb sh\u00ebrbimeve mjek\u00ebsore, 45-vje\u00e7arja ka humbur jet\u00ebn.<\/p>\n<p>N\u00eb drejtimin e Prokuroris\u00eb pran\u00eb Gjykat\u00ebs s\u00eb Shkall\u00ebs s\u00eb Par\u00eb t\u00eb Juridiksionit t\u00eb P\u00ebrgjithsh\u00ebm Berat, vijojn\u00eb hetimet p\u00ebr t\u00eb dokumentuar ligj\u00ebrisht rrethanat e rastit\u201d, thuhet n\u00eb njoftimin e policis\u00eb.<\/p>\n","protected":false},"excerpt":{"rendered":"<p>Nj\u00eb 45-vje\u00e7are \u00ebsht\u00eb vet\u00ebhelmuar mesdit\u00ebn e djeshme n\u00eb Berat. B\u00ebhet fjal\u00eb p\u00ebr shtetasen me iniciale F. B., e cila dyshohet se ka qen\u00eb n\u00eb gjendje t\u00eb r\u00ebnduar psikologjike, p\u00ebr shkak t\u00eb depresionit. Ajo \u00ebsht\u00eb d\u00ebrguar n\u00eb spital, por pavar\u00ebsisht p\u00ebrpjekjeve t\u00eb mjek\u00ebve, 45-vje\u00e7arja ka humbur jet\u00ebn. \u201cMesdit\u00ebn e djeshme, \u00ebsht\u00eb paraqitur p\u00ebr t\u00eb marr\u00eb mjekim [&hellip;]<\/p>\n","protected":false},"author":5,"featured_media":54477,"comment_status":"closed","ping_status":"closed","sticky":false,"template":"","format":"standard","meta":{"footnotes":""},"categories":[1,6332],"tags":[28772],"class_list":{"0":"post-70093","1":"post","2":"type-post","3":"status-publish","4":"format-standard","5":"has-post-thumbnail","7":"category-aktualitet","8":"category-te-fundit","9":"tag-vetehelmohet-me-fotoksine-45-vjecarja"},"_links":{"self":[{"href":"https:\/\/jugulajm.net\/index.php?rest_route=\/wp\/v2\/posts\/70093","targetHints":{"allow":["GET"]}}],"collection":[{"href":"https:\/\/jugulajm.net\/index.php?rest_route=\/wp\/v2\/posts"}],"about":[{"href":"https:\/\/jugulajm.net\/index.php?rest_route=\/wp\/v2\/types\/post"}],"author":[{"embeddable":true,"href":"https:\/\/jugulajm.net\/index.php?rest_route=\/wp\/v2\/users\/5"}],"replies":[{"embeddable":true,"href":"https:\/\/jugulajm.net\/index.php?rest_route=%2Fwp%2Fv2%2Fcomments&post=70093"}],"version-history":[{"count":0,"href":"https:\/\/jugulajm.net\/index.php?rest_route=\/wp\/v2\/posts\/70093\/revisions"}],"wp:featuredmedia":[{"embeddable":true,"href":"https:\/\/jugulajm.net\/index.php?rest_route=\/wp\/v2\/media\/54477"}],"wp:attachment":[{"href":"https:\/\/jugulajm.net\/index.php?rest_route=%2Fwp%2Fv2%2Fmedia&parent=70093"}],"wp:term":[{"taxonomy":"category","embeddable":true,"href":"https:\/\/jugulajm.net\/index.php?rest_route=%2Fwp%2Fv2%2Fcategories&post=70093"},{"taxonomy":"post_tag","embeddable":true,"href":"https:\/\/jugulajm.net\/index.php?rest_route=%2Fwp%2Fv2%2Ftags&post=70093"}],"curies":[{"name":"wp","href":"https:\/\/api.w.org\/{rel}","templated":true}]}}