{"id":70058,"date":"2024-01-09T17:19:30","date_gmt":"2024-01-09T16:19:30","guid":{"rendered":"https:\/\/jugulajm.net\/?p=70058"},"modified":"2024-01-09T17:19:30","modified_gmt":"2024-01-09T16:19:30","slug":"itali-shpallen-ne-kerkim-2-shqiptare-plagosen-me-thike-50-vjecarin","status":"publish","type":"post","link":"https:\/\/jugulajm.net\/?p=70058","title":{"rendered":"Itali\/ Shpallen n\u00eb k\u00ebrkim 2 shqiptar\u00eb, plagos\u00ebn me thik\u00eb 50-vje\u00e7arin"},"content":{"rendered":"<p>Policia italiane ka shpallur n\u00eb k\u00ebrkim dy t\u00eb rinj shqiptar\u00eb t\u00eb mosh\u00ebs 25 dhe 29-vje\u00e7 t\u00eb cil\u00ebt akuzohen se kan\u00eb plagosur me thik\u00eb nj\u00eb 50-vje\u00e7ar nat\u00ebn e nd\u00ebrrimit t\u00eb viteve.<\/p>\n<p><strong><a href=\"https:\/\/www.fanpage.it\/roma\/accoltellato-al-torace-la-notte-di-capodanno-25enne-e-29enne-denunciati-per-lesioni-aggravate\/\">Mediat italiane<\/a>\u00a0<\/strong>raportojn\u00eb se ngjarja e r\u00ebnd\u00eb ka ndodhur n\u00eb zon\u00ebn e Velletri, provinc\u00eb e Rom\u00ebs.<\/p>\n<p>Sipas mediave nd\u00ebrkoh\u00eb q\u00eb qyteti gum\u00ebzhinte nga festa, dy t\u00eb rinjt\u00eb shqiptar\u00eb kan\u00eb plagosur me thik\u00eb 50-vje\u00e7arin.<\/p>\n<p>Menj\u00ebher\u00eb pas ngjarjes ai \u00ebsht\u00eb d\u00ebrguar n\u00eb spital ku ka marr\u00eb ndihm\u00eb mjek\u00ebsore, nd\u00ebrkoh\u00eb q\u00eb \u00ebsht\u00eb konstatuar se kishte marr\u00eb goditje n\u00eb gjoks.<\/p>\n<p>Fal\u00eb nd\u00ebrhyrjes s\u00eb mjek\u00ebve gjendja e tij sh\u00ebndet\u00ebsore \u00ebsht\u00eb stabilizuar.<\/p>\n<p>Nd\u00ebrkoh\u00eb policia ka k\u00ebrkuar ndihm\u00ebn e familjar\u00ebve dhe personave t\u00eb pranish\u00ebm n\u00eb vendngjarje p\u00ebr t\u00eb identifikuar autor\u00ebt, t\u00eb cil\u00ebt jan\u00eb larguar menj\u00ebher\u00eb pas ngjarjes.<\/p>\n","protected":false},"excerpt":{"rendered":"<p>Policia italiane ka shpallur n\u00eb k\u00ebrkim dy t\u00eb rinj shqiptar\u00eb t\u00eb mosh\u00ebs 25 dhe 29-vje\u00e7 t\u00eb cil\u00ebt akuzohen se kan\u00eb plagosur me thik\u00eb nj\u00eb 50-vje\u00e7ar nat\u00ebn e nd\u00ebrrimit t\u00eb viteve. Mediat italiane\u00a0raportojn\u00eb se ngjarja e r\u00ebnd\u00eb ka ndodhur n\u00eb zon\u00ebn e Velletri, provinc\u00eb e Rom\u00ebs. Sipas mediave nd\u00ebrkoh\u00eb q\u00eb qyteti gum\u00ebzhinte nga festa, dy t\u00eb [&hellip;]<\/p>\n","protected":false},"author":5,"featured_media":60126,"comment_status":"closed","ping_status":"closed","sticky":false,"template":"","format":"standard","meta":{"footnotes":""},"categories":[1],"tags":[28758,28759],"class_list":{"0":"post-70058","1":"post","2":"type-post","3":"status-publish","4":"format-standard","5":"has-post-thumbnail","7":"category-aktualitet","8":"tag-itali-shpallen-ne-kerkim-2-shqiptare","9":"tag-plagosen-me-thike-50-vjecarin"},"_links":{"self":[{"href":"https:\/\/jugulajm.net\/index.php?rest_route=\/wp\/v2\/posts\/70058","targetHints":{"allow":["GET"]}}],"collection":[{"href":"https:\/\/jugulajm.net\/index.php?rest_route=\/wp\/v2\/posts"}],"about":[{"href":"https:\/\/jugulajm.net\/index.php?rest_route=\/wp\/v2\/types\/post"}],"author":[{"embeddable":true,"href":"https:\/\/jugulajm.net\/index.php?rest_route=\/wp\/v2\/users\/5"}],"replies":[{"embeddable":true,"href":"https:\/\/jugulajm.net\/index.php?rest_route=%2Fwp%2Fv2%2Fcomments&post=70058"}],"version-history":[{"count":0,"href":"https:\/\/jugulajm.net\/index.php?rest_route=\/wp\/v2\/posts\/70058\/revisions"}],"wp:featuredmedia":[{"embeddable":true,"href":"https:\/\/jugulajm.net\/index.php?rest_route=\/wp\/v2\/media\/60126"}],"wp:attachment":[{"href":"https:\/\/jugulajm.net\/index.php?rest_route=%2Fwp%2Fv2%2Fmedia&parent=70058"}],"wp:term":[{"taxonomy":"category","embeddable":true,"href":"https:\/\/jugulajm.net\/index.php?rest_route=%2Fwp%2Fv2%2Fcategories&post=70058"},{"taxonomy":"post_tag","embeddable":true,"href":"https:\/\/jugulajm.net\/index.php?rest_route=%2Fwp%2Fv2%2Ftags&post=70058"}],"curies":[{"name":"wp","href":"https:\/\/api.w.org\/{rel}","templated":true}]}}