{"id":70018,"date":"2024-01-08T15:48:20","date_gmt":"2024-01-08T14:48:20","guid":{"rendered":"https:\/\/jugulajm.net\/?p=70018"},"modified":"2024-01-08T15:49:29","modified_gmt":"2024-01-08T14:49:29","slug":"rama-krijon-nje-ministri-per-blendi-gonxhen-ja-cila","status":"publish","type":"post","link":"https:\/\/jugulajm.net\/?p=70018","title":{"rendered":"Rama krijon nj\u00eb ministri p\u00ebr Blendi Gonxhen, ja cila&#8230;"},"content":{"rendered":"<p>Kryeministri i ka propozuar presidentit Begaj p\u00ebr dekretim nj\u00eb em\u00ebr t\u00eb ri ministri dhe dikaster po t\u00eb ri.<\/p>\n<p>Por kjo ka sjell\u00eb shkurtimin e detyr\u00ebs s\u00eb ministrit Ervin Mete, q\u00eb do ket\u00eb vet\u00ebm Financat, teksa duket se dhe Margariti del e \u201cpapun\u00eb\u201d.<\/p>\n<p>B\u00ebhet fjal\u00eb p\u00ebr Ministrin\u00eb e Kultur\u00ebs, Ekonomis\u00eb dhe Inovacionit, duke u fokusuar tek \u00e7\u00ebshtjet kibernetike dhe ato kulturore, q\u00eb sipas kreut t\u00eb Ekzekutivit, kan\u00eb mbetur pas dore dhe kan\u00eb krijuar hendeqe e problematika.<\/p>\n<p>Por emri i propozuar i ministrit nuk \u00ebsht\u00eb i panjohur. Pik\u00ebrisht nj\u00eb nga njer\u00ebzit m\u00eb t\u00eb af\u00ebrt t\u00eb Ram\u00ebs q\u00eb nga koha e Bashkis\u00eb s\u00eb Tiran\u00ebs. Ai \u00ebsht\u00eb Blendi Gonxhe.<\/p>\n<p><img loading=\"lazy\" loading=\"lazy\" decoding=\"async\" class=\"alignnone wp-image-243229\" src=\"https:\/\/zoom.al\/wp-content\/uploads\/2024\/01\/ministriaaa-225x300.jpg\" sizes=\"auto, (max-width: 387px) 100vw, 387px\" srcset=\"https:\/\/zoom.al\/wp-content\/uploads\/2024\/01\/ministriaaa-225x300.jpg 225w, https:\/\/zoom.al\/wp-content\/uploads\/2024\/01\/ministriaaa-768x1024.jpg 768w, https:\/\/zoom.al\/wp-content\/uploads\/2024\/01\/ministriaaa-1152x1536.jpg 1152w, https:\/\/zoom.al\/wp-content\/uploads\/2024\/01\/ministriaaa-750x1000.jpg 750w, https:\/\/zoom.al\/wp-content\/uploads\/2024\/01\/ministriaaa-1140x1520.jpg 1140w, https:\/\/zoom.al\/wp-content\/uploads\/2024\/01\/ministriaaa.jpg 1536w\" alt=\"\" width=\"387\" height=\"516\" data-pin-no-hover=\"true\" \/><\/p>\n","protected":false},"excerpt":{"rendered":"<p>Kryeministri i ka propozuar presidentit Begaj p\u00ebr dekretim nj\u00eb em\u00ebr t\u00eb ri ministri dhe dikaster po t\u00eb ri. Por kjo ka sjell\u00eb shkurtimin e detyr\u00ebs s\u00eb ministrit Ervin Mete, q\u00eb do ket\u00eb vet\u00ebm Financat, teksa duket se dhe Margariti del e \u201cpapun\u00eb\u201d. B\u00ebhet fjal\u00eb p\u00ebr Ministrin\u00eb e Kultur\u00ebs, Ekonomis\u00eb dhe Inovacionit, duke u fokusuar tek [&hellip;]<\/p>\n","protected":false},"author":5,"featured_media":56182,"comment_status":"closed","ping_status":"closed","sticky":false,"template":"","format":"standard","meta":{"footnotes":""},"categories":[6326,6332],"tags":[26575,28734],"class_list":{"0":"post-70018","1":"post","2":"type-post","3":"status-publish","4":"format-standard","5":"has-post-thumbnail","7":"category-politike","8":"category-te-fundit","9":"tag-ja-cila","10":"tag-rama-krijon-nje-ministri-per-blendi-gonxhen"},"_links":{"self":[{"href":"https:\/\/jugulajm.net\/index.php?rest_route=\/wp\/v2\/posts\/70018","targetHints":{"allow":["GET"]}}],"collection":[{"href":"https:\/\/jugulajm.net\/index.php?rest_route=\/wp\/v2\/posts"}],"about":[{"href":"https:\/\/jugulajm.net\/index.php?rest_route=\/wp\/v2\/types\/post"}],"author":[{"embeddable":true,"href":"https:\/\/jugulajm.net\/index.php?rest_route=\/wp\/v2\/users\/5"}],"replies":[{"embeddable":true,"href":"https:\/\/jugulajm.net\/index.php?rest_route=%2Fwp%2Fv2%2Fcomments&post=70018"}],"version-history":[{"count":0,"href":"https:\/\/jugulajm.net\/index.php?rest_route=\/wp\/v2\/posts\/70018\/revisions"}],"wp:featuredmedia":[{"embeddable":true,"href":"https:\/\/jugulajm.net\/index.php?rest_route=\/wp\/v2\/media\/56182"}],"wp:attachment":[{"href":"https:\/\/jugulajm.net\/index.php?rest_route=%2Fwp%2Fv2%2Fmedia&parent=70018"}],"wp:term":[{"taxonomy":"category","embeddable":true,"href":"https:\/\/jugulajm.net\/index.php?rest_route=%2Fwp%2Fv2%2Fcategories&post=70018"},{"taxonomy":"post_tag","embeddable":true,"href":"https:\/\/jugulajm.net\/index.php?rest_route=%2Fwp%2Fv2%2Ftags&post=70018"}],"curies":[{"name":"wp","href":"https:\/\/api.w.org\/{rel}","templated":true}]}}