{"id":70007,"date":"2024-01-08T12:18:22","date_gmt":"2024-01-08T11:18:22","guid":{"rendered":"https:\/\/jugulajm.net\/?p=70007"},"modified":"2024-01-08T12:18:33","modified_gmt":"2024-01-08T11:18:33","slug":"emri-foto-prangoset-ish-futbollisti-ja-per-cfare-akuzohet","status":"publish","type":"post","link":"https:\/\/jugulajm.net\/?p=70007","title":{"rendered":"EMRI-FOTO\/ Prangoset ish-futbollisti, ja p\u00ebr \u00e7far\u00eb akuzohet&#8230;"},"content":{"rendered":"<div class=\"firstP\">\n<p>Ish-futbollist i T\u00ebrbunit i shpallur n\u00eb k\u00ebrkim p\u00ebr dy ngjarje t\u00eb r\u00ebnda kriminale t\u00eb ndodhur n\u00eb ver\u00ebn e vitit t\u00eb kaluar n\u00eb Velipoj\u00eb \u00ebsht\u00eb arrestuar nga policia e Shkodr\u00ebs.<\/p>\n<\/div>\n<p>Mbi 28-vje\u00e7arin Saedet Myftija, r\u00ebndojn\u00eb disa akuza.<\/p>\n<p>N\u00eb 30 maj t\u00eb vitit t\u00eb kaluar, bashk\u00eb me nj\u00eb person tjet\u00ebr, ai dhunoi me mjete t\u00eb forta nj\u00eb 64-vje\u00e7ar, pas sherrit p\u00ebr hap\u00ebsir\u00ebn p\u00ebr vendosjen e shezlong\u00ebve n\u00eb plazhin e Velipoj\u00ebs.<\/p>\n<p>Rreth nj\u00eb muaj m\u00eb von\u00eb, megjith\u00ebse ishte n\u00eb k\u00ebrkim nga policia, Myftia arriti t\u2019i vendoste nj\u00eb sasi t\u00eb vog\u00ebl eksplozivi n\u00eb garazhin e banes\u00ebs s\u00eb nj\u00eb biznesmeni n\u00eb lagjen \u201c10 korriku\u201d n\u00eb Shkod\u00ebr.<\/p>\n<p>Nga shp\u00ebrthimi, d\u00ebmet n\u00eb garazhin e 52-vje\u00e7arit ishin vet\u00ebm materiale.<\/p>\n<p>Materialet procedurale i kaluan Prokuroris\u00eb pran\u00eb Gjykat\u00ebs s\u00eb Shkall\u00ebs s\u00eb Par\u00eb t\u00eb Juridiksionit t\u00eb P\u00ebrgjithsh\u00ebm Shkod\u00ebr, p\u00ebr veprime t\u00eb m\u00ebtejshme, p\u00ebr veprat penale \u201cShkat\u00ebrrimi i pron\u00ebs me eksploziv\u201d, \u201cShkat\u00ebrrimi i pron\u00ebs\u201d, \u201cPlagosja e leht\u00eb me dashje\u201d dhe \u201cVjedhja\u201d.<\/p>\n<p>28-vje\u00e7ari, banues n\u00eb Shkod\u00ebr \u00ebsht\u00eb arrestuar n\u00eb kuad\u00ebr t\u00eb operacionit \u2018Sundimi i Ligjit\u2019.<\/p>\n<p><img loading=\"lazy\" loading=\"lazy\" decoding=\"async\" class=\"alignnone size-medium wp-image-2662021\" src=\"https:\/\/top-channel.tv\/wp-content\/uploads\/2024\/01\/96b7b832-8687-42b4-aa6b-21f981beb6b9-300x450.jpg\" sizes=\"auto, (max-width: 300px) 100vw, 300px\" srcset=\"https:\/\/top-channel.tv\/wp-content\/uploads\/2024\/01\/96b7b832-8687-42b4-aa6b-21f981beb6b9-300x450.jpg 300w, https:\/\/top-channel.tv\/wp-content\/uploads\/2024\/01\/96b7b832-8687-42b4-aa6b-21f981beb6b9-450x675.jpg 450w, https:\/\/top-channel.tv\/wp-content\/uploads\/2024\/01\/96b7b832-8687-42b4-aa6b-21f981beb6b9.jpg 640w\" alt=\"\" width=\"300\" height=\"450\" \/><\/p>\n","protected":false},"excerpt":{"rendered":"<p>Ish-futbollist i T\u00ebrbunit i shpallur n\u00eb k\u00ebrkim p\u00ebr dy ngjarje t\u00eb r\u00ebnda kriminale t\u00eb ndodhur n\u00eb ver\u00ebn e vitit t\u00eb kaluar n\u00eb Velipoj\u00eb \u00ebsht\u00eb arrestuar nga policia e Shkodr\u00ebs. Mbi 28-vje\u00e7arin Saedet Myftija, r\u00ebndojn\u00eb disa akuza. N\u00eb 30 maj t\u00eb vitit t\u00eb kaluar, bashk\u00eb me nj\u00eb person tjet\u00ebr, ai dhunoi me mjete t\u00eb forta nj\u00eb [&hellip;]<\/p>\n","protected":false},"author":5,"featured_media":54482,"comment_status":"closed","ping_status":"closed","sticky":false,"template":"","format":"standard","meta":{"footnotes":""},"categories":[1,6332],"tags":[28727,23547],"class_list":{"0":"post-70007","1":"post","2":"type-post","3":"status-publish","4":"format-standard","5":"has-post-thumbnail","7":"category-aktualitet","8":"category-te-fundit","9":"tag-emri-foto-prangoset-ish-futbollisti","10":"tag-ja-per-cfare-akuzohet"},"_links":{"self":[{"href":"https:\/\/jugulajm.net\/index.php?rest_route=\/wp\/v2\/posts\/70007","targetHints":{"allow":["GET"]}}],"collection":[{"href":"https:\/\/jugulajm.net\/index.php?rest_route=\/wp\/v2\/posts"}],"about":[{"href":"https:\/\/jugulajm.net\/index.php?rest_route=\/wp\/v2\/types\/post"}],"author":[{"embeddable":true,"href":"https:\/\/jugulajm.net\/index.php?rest_route=\/wp\/v2\/users\/5"}],"replies":[{"embeddable":true,"href":"https:\/\/jugulajm.net\/index.php?rest_route=%2Fwp%2Fv2%2Fcomments&post=70007"}],"version-history":[{"count":0,"href":"https:\/\/jugulajm.net\/index.php?rest_route=\/wp\/v2\/posts\/70007\/revisions"}],"wp:featuredmedia":[{"embeddable":true,"href":"https:\/\/jugulajm.net\/index.php?rest_route=\/wp\/v2\/media\/54482"}],"wp:attachment":[{"href":"https:\/\/jugulajm.net\/index.php?rest_route=%2Fwp%2Fv2%2Fmedia&parent=70007"}],"wp:term":[{"taxonomy":"category","embeddable":true,"href":"https:\/\/jugulajm.net\/index.php?rest_route=%2Fwp%2Fv2%2Fcategories&post=70007"},{"taxonomy":"post_tag","embeddable":true,"href":"https:\/\/jugulajm.net\/index.php?rest_route=%2Fwp%2Fv2%2Ftags&post=70007"}],"curies":[{"name":"wp","href":"https:\/\/api.w.org\/{rel}","templated":true}]}}