{"id":69862,"date":"2024-01-04T21:31:33","date_gmt":"2024-01-04T20:31:33","guid":{"rendered":"https:\/\/jugulajm.net\/?p=69862"},"modified":"2024-01-04T21:32:41","modified_gmt":"2024-01-04T20:32:41","slug":"shperthen-lubonja-arditi-dikur-berisha-hero-pastaj-mik-me-meten-tani-fton-ramen","status":"publish","type":"post","link":"https:\/\/jugulajm.net\/?p=69862","title":{"rendered":"Shp\u00ebrthen Lubonja: Arditi dikur \u201cBerisha hero\u201d, pastaj mik me Met\u00ebn, tani fton Ram\u00ebn&#8230;"},"content":{"rendered":"<p>Ai Ardit Gjebrea, kur luftonim ne me Berish\u00ebn, ai dilte n\u00eb koncertet e Berish\u00ebs me nj\u00eb shami k\u00ebtu n\u00eb kok\u00eb \u201cBerisha hero\u201d.<\/p>\n<p>Pastaj mik i ngusht\u00eb me Ilir Met\u00ebn.<\/p>\n<p>Tani m\u00eb fton Edi Ram\u00ebn n\u00eb 31 dhjetor, bashk\u00eb me Sandrin.<\/p>\n<p>Mos t\u2019ju vij\u00eb keq si televizion, se edhe televizioni juaj ka m\u00ebkatet e veta, i dim\u00eb\u201d ka th\u00ebn\u00eb Fatos Lubonja n\u00eb nj\u00eb intervist\u00eb p\u00ebr News24, nd\u00ebrsa tregonte me duar shamin\u00eb q\u00eb shum\u00eb vite m\u00eb par\u00eb, kantautori Ardit Gjebrea lidhte n\u00eb kok\u00eb p\u00ebr mb\u00ebshtetjen e Berish\u00ebs.<\/p>\n<p>Fotoja q\u00eb qarkullon prej vitesh n\u00eb rrjetet sociale \u00ebsht\u00eb n\u00eb nj\u00eb nga mitingjet e 20 viteve m\u00eb par\u00eb, nd\u00ebrsa nat\u00ebn e nd\u00ebrrimit t\u00eb viteve, Gjebrea kishte t\u00eb ftuar n\u00eb programin e tij kryeministrin Edi Rama me t\u00eb cilin zhvilloi nj\u00eb loj\u00eb q\u00eb zgjati p\u00ebr disa or\u00eb.<\/p>\n<div class=\"td-a-rec td-a-rec-id-content_inlineright tdi_2 td_block_template_4\"><\/div>\n<p>\u201cProblemi k\u00ebtu \u00ebsht\u00eb e keqja. Humbja e dinjitetit, humbja e personalitetit, kjo \u00ebsht\u00eb e keqja e madhe\u201d- u shpreh Lubonja q\u00eb paralajm\u00ebroi se e keqja do t\u00eb p\u00ebrshpejtohet n\u00eb 2024.<\/p>\n<p>\u201cVet\u00ebm Chavez dilte fliste me popullin\u201d-tha ai duke iu referuar tendencave autoritariste t\u00eb Ram\u00ebs dhe shfaqjeve \u201cvenezueliane\u201d q\u00eb ofron kryeministri.<\/p>\n","protected":false},"excerpt":{"rendered":"<p>Ai Ardit Gjebrea, kur luftonim ne me Berish\u00ebn, ai dilte n\u00eb koncertet e Berish\u00ebs me nj\u00eb shami k\u00ebtu n\u00eb kok\u00eb \u201cBerisha hero\u201d. Pastaj mik i ngusht\u00eb me Ilir Met\u00ebn. Tani m\u00eb fton Edi Ram\u00ebn n\u00eb 31 dhjetor, bashk\u00eb me Sandrin. Mos t\u2019ju vij\u00eb keq si televizion, se edhe televizioni juaj ka m\u00ebkatet e veta, i [&hellip;]<\/p>\n","protected":false},"author":5,"featured_media":69863,"comment_status":"closed","ping_status":"closed","sticky":false,"template":"","format":"standard","meta":{"footnotes":""},"categories":[7665,6332],"tags":[28652,28651,28653],"class_list":{"0":"post-69862","1":"post","2":"type-post","3":"status-publish","4":"format-standard","5":"has-post-thumbnail","7":"category-art","8":"category-te-fundit","9":"tag-pastaj-mik-me-meten","10":"tag-shperthen-lubonja-arditi-dikur-berisha-hero","11":"tag-tani-fton-ramen"},"_links":{"self":[{"href":"https:\/\/jugulajm.net\/index.php?rest_route=\/wp\/v2\/posts\/69862","targetHints":{"allow":["GET"]}}],"collection":[{"href":"https:\/\/jugulajm.net\/index.php?rest_route=\/wp\/v2\/posts"}],"about":[{"href":"https:\/\/jugulajm.net\/index.php?rest_route=\/wp\/v2\/types\/post"}],"author":[{"embeddable":true,"href":"https:\/\/jugulajm.net\/index.php?rest_route=\/wp\/v2\/users\/5"}],"replies":[{"embeddable":true,"href":"https:\/\/jugulajm.net\/index.php?rest_route=%2Fwp%2Fv2%2Fcomments&post=69862"}],"version-history":[{"count":0,"href":"https:\/\/jugulajm.net\/index.php?rest_route=\/wp\/v2\/posts\/69862\/revisions"}],"wp:featuredmedia":[{"embeddable":true,"href":"https:\/\/jugulajm.net\/index.php?rest_route=\/wp\/v2\/media\/69863"}],"wp:attachment":[{"href":"https:\/\/jugulajm.net\/index.php?rest_route=%2Fwp%2Fv2%2Fmedia&parent=69862"}],"wp:term":[{"taxonomy":"category","embeddable":true,"href":"https:\/\/jugulajm.net\/index.php?rest_route=%2Fwp%2Fv2%2Fcategories&post=69862"},{"taxonomy":"post_tag","embeddable":true,"href":"https:\/\/jugulajm.net\/index.php?rest_route=%2Fwp%2Fv2%2Ftags&post=69862"}],"curies":[{"name":"wp","href":"https:\/\/api.w.org\/{rel}","templated":true}]}}