{"id":69854,"date":"2024-01-04T18:13:12","date_gmt":"2024-01-04T17:13:12","guid":{"rendered":"https:\/\/jugulajm.net\/?p=69854"},"modified":"2024-01-04T18:13:26","modified_gmt":"2024-01-04T17:13:26","slug":"emrat-burgu-tenton-te-arratiset-dan-hutra-dhe-3-te-tjere","status":"publish","type":"post","link":"https:\/\/jugulajm.net\/?p=69854","title":{"rendered":"EMRAT\/ Burgu, tenton t\u00eb arratiset Dan Hutra dhe 3 t\u00eb tjer\u00eb"},"content":{"rendered":"<p>Sot, n\u00eb burgun e Fierit, si rezultat i ndjekjes, mbikqyrjes, kontrollit dhe p\u00ebrdorimit t\u00eb mjeteve teknike disa javore nga stafi i burgjeve, u kap n\u00eb flagranc\u00eb duke tentuar p\u00ebr t\u2019u arratisur i burgosuri me rrezikshm\u00ebri dhe histori kriminale, Dan Riza Hutra (autor i disa vrasjeve).<\/p>\n<p>Burime b\u00ebjn\u00eb me dije se plani p\u00ebr arratisjen nga burgu ishte i koordinuar dhe n\u00eb bashk\u00ebpunim me 3 t\u00eb paraburgosur t\u00eb tjer\u00eb.<\/p>\n<p>N\u00eb dhom\u00ebn ku ishin t\u00eb akomoduar, t\u00eb paraburgosurit kishin nisur prerjen e zgar\u00ebs s\u00eb dritares me mjete te improvizuara.<\/p>\n<p>Gjat\u00eb kontrollit nga punonj\u00ebsit e siguris\u00eb, u konstatua se edhe n\u00eb dhom\u00ebn nr. 15, ku ishte i akomoduar i burgosuri me potencial t\u00eb lart\u00eb rrezikshm\u00ebrie, Dan Riza Hutra, ishin fshehur mjete p\u00ebr arratisje, konkretisht: nj\u00eb \u00e7ar\u00e7af i p\u00ebrshtatur si litar dhe mjete prer\u00ebse t\u00eb improvizuara.<\/p>\n<p>T\u00eb dh\u00ebnat paraprake tregojn\u00eb p\u00ebr bashk\u00ebpunim nd\u00ebrmjet t\u00eb kat\u00ebr t\u00eb burgosurve, p\u00ebr thyerje t\u00eb siguris\u00eb dhe tentativ\u00eb arratisje.<\/p>\n<p><strong>T\u00eb p\u00ebrfshir\u00eb n\u00eb k\u00ebt\u00eb ngjarje jan\u00eb:<\/strong><\/p>\n<p>1. Shtetasi Dan Hutra, i biri Riza dhe Mislime, i dat\u00eblindjes 01.08.1982, lindur n\u00eb Kuk\u00ebs dhe banues ne Kod\u00ebr Kam\u00ebz, Tiran\u00eb, me shtet\u00ebsi dhe komb\u00ebsi shqiptare, me histori t\u00eb p\u00ebrs\u00ebritur kriminale, me Vendimin Nr.466 Regj.Them, dat\u00eb.04.03.2023, t\u00eb Gjykat\u00ebs s\u00eb Rrethit Gjyq\u00ebsor Tiran\u00eb, i \u00ebsht\u00eb caktuar masa e sigurimit personal \u201carrest n\u00eb burg\u201d, i dyshuar p\u00ebr kryerjen e veprave penale, \u201cVrasje p\u00ebr shkak t\u00eb mardh\u00ebnieve familjare\u201d, parashikuar nga neni 79\/c, \u201cVrasje p\u00ebr shkak t\u00eb marr\u00ebdh\u00ebnieve familjare\u201d, mbetur n\u00eb tentativ\u00eb, parashikuar nga neni 79\/c-22, si autor dyshuar p\u00ebr vrasjen e kat\u00ebr personave.<\/p>\n<p>2. Shtetasi Martin Kapllani, i biri i Adhurim dhe Rezarta, i dat\u00eblindjes 24.12.2003, lindur dhe banues n\u00eb Vlor\u00eb, me Vendimin Nr.62-2023-4189, dat\u00eb 04.11.2023, t\u00eb Gjykat\u00ebs s\u00eb Shkall\u00ebs s\u00eb Par\u00eb t\u00eb Juridiksionit t\u00eb P\u00ebrgjithsh\u00ebm Fier, i \u00ebsht\u00eb caktuar masa e sigurimit personal \u201carrest n\u00eb burg\u201d, t\u00eb dyshuar p\u00ebr kryerjen e veprave penale \u201cVjedhja\u201d, e parashikuar nga neni 134\/2 K.Penal.<\/p>\n<p>3. Shtetasi Geraldo Veizaj, i biri i Barjam dhe Luiza, i dat\u00eblindjes 04.07.2004, lindur dhe banues n\u00eb Vlor\u00eb, me Vendimin Nr.62-2023-4189, dat\u00eb 04.11.2023, t\u00eb Gjykat\u00ebs s\u00eb Shkall\u00ebs s\u00eb Par\u00eb t\u00eb Juridiksionit t\u00eb P\u00ebrgjithsh\u00ebm Fier, i \u00ebsht\u00eb caktuar masa e sigurimit personal \u201carrest n\u00eb burg\u201d, i dyshuar p\u00ebr kryerjen e veprave penale \u201cVjedhja\u201d, e parashikuar nga neni 134\/2 K.Penal.<\/p>\n<p>4. Shtetasi Feti Kova\u00e7i, i biri Arben dhe D\u00ebshira, i dat\u00eblindjes 20.02.1996, lindur dhe banues ne Vlor\u00eb, Lgj. \u201c24-Maji\u201d, me shtet\u00ebsi dhe komb\u00ebsi shqiptare, i ardhur m\u00eb dat\u00eb 21.10.2023, nga Komisariati i Policis\u00eb Vlor\u00eb, pasi ndaj tij Gjykata e Shkall\u00ebs s\u00eb Par\u00eb t\u00eb Juridiksionit t\u00eb P\u00ebrgjithsh\u00ebm Vlor\u00eb me (Shkurtim-Vendimi) Nr.476, dat\u00eb 21.10.2023, ka caktuar mas\u00ebn e sigurimit personal \u201cArrest n\u00eb burg\u201d, i dyshuar p\u00ebr kryerjen e vepr\u00ebs penale \u201cVjedhja\u201d, e parashikuar nga neni 134\/2 K.Penal.<\/p>\n<p>Prokuroria \u00ebsht\u00eb duke kryer hetime p\u00ebr ngjarjen.<\/p>\n","protected":false},"excerpt":{"rendered":"<p>Sot, n\u00eb burgun e Fierit, si rezultat i ndjekjes, mbikqyrjes, kontrollit dhe p\u00ebrdorimit t\u00eb mjeteve teknike disa javore nga stafi i burgjeve, u kap n\u00eb flagranc\u00eb duke tentuar p\u00ebr t\u2019u arratisur i burgosuri me rrezikshm\u00ebri dhe histori kriminale, Dan Riza Hutra (autor i disa vrasjeve). Burime b\u00ebjn\u00eb me dije se plani p\u00ebr arratisjen nga burgu [&hellip;]<\/p>\n","protected":false},"author":5,"featured_media":56596,"comment_status":"closed","ping_status":"closed","sticky":false,"template":"","format":"standard","meta":{"footnotes":""},"categories":[1,6332],"tags":[28646,28647],"class_list":{"0":"post-69854","1":"post","2":"type-post","3":"status-publish","4":"format-standard","5":"has-post-thumbnail","7":"category-aktualitet","8":"category-te-fundit","9":"tag-emrat-burgu","10":"tag-tenton-te-arratiset-dan-hutra-dhe-3-te-tjere"},"_links":{"self":[{"href":"https:\/\/jugulajm.net\/index.php?rest_route=\/wp\/v2\/posts\/69854","targetHints":{"allow":["GET"]}}],"collection":[{"href":"https:\/\/jugulajm.net\/index.php?rest_route=\/wp\/v2\/posts"}],"about":[{"href":"https:\/\/jugulajm.net\/index.php?rest_route=\/wp\/v2\/types\/post"}],"author":[{"embeddable":true,"href":"https:\/\/jugulajm.net\/index.php?rest_route=\/wp\/v2\/users\/5"}],"replies":[{"embeddable":true,"href":"https:\/\/jugulajm.net\/index.php?rest_route=%2Fwp%2Fv2%2Fcomments&post=69854"}],"version-history":[{"count":0,"href":"https:\/\/jugulajm.net\/index.php?rest_route=\/wp\/v2\/posts\/69854\/revisions"}],"wp:featuredmedia":[{"embeddable":true,"href":"https:\/\/jugulajm.net\/index.php?rest_route=\/wp\/v2\/media\/56596"}],"wp:attachment":[{"href":"https:\/\/jugulajm.net\/index.php?rest_route=%2Fwp%2Fv2%2Fmedia&parent=69854"}],"wp:term":[{"taxonomy":"category","embeddable":true,"href":"https:\/\/jugulajm.net\/index.php?rest_route=%2Fwp%2Fv2%2Fcategories&post=69854"},{"taxonomy":"post_tag","embeddable":true,"href":"https:\/\/jugulajm.net\/index.php?rest_route=%2Fwp%2Fv2%2Ftags&post=69854"}],"curies":[{"name":"wp","href":"https:\/\/api.w.org\/{rel}","templated":true}]}}