{"id":69839,"date":"2024-01-04T13:05:40","date_gmt":"2024-01-04T12:05:40","guid":{"rendered":"https:\/\/jugulajm.net\/?p=69839"},"modified":"2024-01-04T13:05:40","modified_gmt":"2024-01-04T12:05:40","slug":"ngjarja-e-sotme-ja-arsyeja-pse-vellai-vrau-vellane","status":"publish","type":"post","link":"https:\/\/jugulajm.net\/?p=69839","title":{"rendered":"Ngjarja e sotme, ja arsyeja pse v\u00ebllai vrau v\u00ebllan\u00eb"},"content":{"rendered":"<p>Zbardhen detaje t\u00eb reja nga ngjarja e r\u00ebnd\u00eb q\u00eb tronditi sot kryeqytetin, ku pas nj\u00eb konflikti mbet\u00ebn t\u00eb vrar\u00eb dy v\u00ebllez\u00ebr.<\/p>\n<p>Vehap Cami 63 vje\u00e7 kishte shkuar rreth or\u00ebs 07:00 p\u00ebr t\u00eb pir\u00eb kafen\u00eb e m\u00ebngjesit n\u00eb banes\u00ebn e t\u00eb v\u00ebllait, Lul\u00ebzim Camit.<\/p>\n<p>Pas nj\u00eb konflikti dyshohet p\u00ebr pronat e tyre n\u00eb zon\u00ebn e Bulqiz\u00ebs, Vehapi ka q\u00eblluar me arm\u00eb zjarri pistolet\u00eb v\u00ebllan\u00eb e tij, e m\u00eb pas ka q\u00eblluar drejt vetes, duke mbetur t\u00eb dy t\u00eb vrar\u00eb.<\/p>\n<p>Grupi hetimor q\u00eb po merr n\u00eb pyetje familjar\u00ebt.<\/p>\n","protected":false},"excerpt":{"rendered":"<p>Zbardhen detaje t\u00eb reja nga ngjarja e r\u00ebnd\u00eb q\u00eb tronditi sot kryeqytetin, ku pas nj\u00eb konflikti mbet\u00ebn t\u00eb vrar\u00eb dy v\u00ebllez\u00ebr. Vehap Cami 63 vje\u00e7 kishte shkuar rreth or\u00ebs 07:00 p\u00ebr t\u00eb pir\u00eb kafen\u00eb e m\u00ebngjesit n\u00eb banes\u00ebn e t\u00eb v\u00ebllait, Lul\u00ebzim Camit. Pas nj\u00eb konflikti dyshohet p\u00ebr pronat e tyre n\u00eb zon\u00ebn e Bulqiz\u00ebs, [&hellip;]<\/p>\n","protected":false},"author":5,"featured_media":63723,"comment_status":"closed","ping_status":"closed","sticky":false,"template":"","format":"standard","meta":{"footnotes":""},"categories":[1,6332],"tags":[28640,28639],"class_list":{"0":"post-69839","1":"post","2":"type-post","3":"status-publish","4":"format-standard","5":"has-post-thumbnail","7":"category-aktualitet","8":"category-te-fundit","9":"tag-ja-arsyeja-pse-vellai-vrau-vellane","10":"tag-ngjarja-e-sotme"},"_links":{"self":[{"href":"https:\/\/jugulajm.net\/index.php?rest_route=\/wp\/v2\/posts\/69839","targetHints":{"allow":["GET"]}}],"collection":[{"href":"https:\/\/jugulajm.net\/index.php?rest_route=\/wp\/v2\/posts"}],"about":[{"href":"https:\/\/jugulajm.net\/index.php?rest_route=\/wp\/v2\/types\/post"}],"author":[{"embeddable":true,"href":"https:\/\/jugulajm.net\/index.php?rest_route=\/wp\/v2\/users\/5"}],"replies":[{"embeddable":true,"href":"https:\/\/jugulajm.net\/index.php?rest_route=%2Fwp%2Fv2%2Fcomments&post=69839"}],"version-history":[{"count":0,"href":"https:\/\/jugulajm.net\/index.php?rest_route=\/wp\/v2\/posts\/69839\/revisions"}],"wp:featuredmedia":[{"embeddable":true,"href":"https:\/\/jugulajm.net\/index.php?rest_route=\/wp\/v2\/media\/63723"}],"wp:attachment":[{"href":"https:\/\/jugulajm.net\/index.php?rest_route=%2Fwp%2Fv2%2Fmedia&parent=69839"}],"wp:term":[{"taxonomy":"category","embeddable":true,"href":"https:\/\/jugulajm.net\/index.php?rest_route=%2Fwp%2Fv2%2Fcategories&post=69839"},{"taxonomy":"post_tag","embeddable":true,"href":"https:\/\/jugulajm.net\/index.php?rest_route=%2Fwp%2Fv2%2Ftags&post=69839"}],"curies":[{"name":"wp","href":"https:\/\/api.w.org\/{rel}","templated":true}]}}