{"id":69815,"date":"2024-01-03T21:03:04","date_gmt":"2024-01-03T20:03:04","guid":{"rendered":"https:\/\/jugulajm.net\/?p=69815"},"modified":"2024-01-03T21:03:04","modified_gmt":"2024-01-03T20:03:04","slug":"tavo-reagon-per-takimin-e-perfolur-me-ramen-ja-cfare-thote","status":"publish","type":"post","link":"https:\/\/jugulajm.net\/?p=69815","title":{"rendered":"Tavo reagon p\u00ebr takimin e p\u00ebrfolur me Ram\u00ebn, ja \u00e7far\u00eb thot\u00eb&#8230;"},"content":{"rendered":"<p>Ish-deputeti i L\u00ebvizjes Socialiste p\u00ebr Integrim, Vangjel Tavo, ka reguar sa i takon z\u00ebrave se \u00a0kryeministri Edi Rama, i ka propozuar atij q\u00eb t\u00eb b\u00ebhet kryebashkiak i Himar\u00ebs, nd\u00ebrkoh\u00eb q\u00eb Fredi Beleri ndodhet n\u00eb paraburgim.<\/p>\n<p>I pyetur p\u00ebr k\u00ebt\u00eb \u00e7\u00ebshtje,\u00a0 ish-deputeti i Qarkut Gjirokast\u00ebr, Vangjel Tavo, as e ka mohuar dhe as e ka pranuar se \u00ebsht\u00eb kontaktuar nga kryeministri Edi Rama, ku sipas mediave greke atij i \u00ebsht\u00eb propozuar t\u00eb b\u00ebhet kryetar i bashkis\u00eb s\u00eb Himar\u00ebs.<\/p>\n<p>Sipas Vangjel Tavos, momenti familjar n\u00eb t\u00eb cilin ndodhet ka qen\u00eb i pap\u00ebrshtatsh\u00ebm kur pretendohet, se \u00ebsht\u00eb kontaktuar nga kreu i qeveris\u00eb, Edi Rama.<\/p>\n<p>Nd\u00ebrsa ka theksuar se nuk \u00ebsht\u00eb n\u00eb dijeni t\u00eb asaj \u00e7far\u00eb shkruajn\u00eb mediat greke.<\/p>\n<p>Kujtojm\u00eb se sa i p\u00ebrket k\u00ebtyre z\u00ebrave, gazeta e njohur greke \u201cEkathimerini\u201d shkruante se kryeministri Edi Rama i ka propozuar ish-deputetit Vangjel Tavo q\u00eb t\u00eb b\u00ebhet kryebashkiak i Himar\u00ebs, nd\u00ebrkoh\u00eb q\u00eb Fredi Beleri ndodhet n\u00eb paraburgim me akuz\u00ebn p\u00ebr blerjen e votave m\u00eb 14 maj dhe derisa t\u00eb zgjidhet \u00e7\u00ebshtja e k\u00ebtij t\u00eb fundit, si nj\u00eb m\u00ebnyr\u00eb p\u00ebr t\u00eb zgjidhur kriz\u00ebn me Athin\u00ebn.<\/p>\n<p>Sipas medias greke, Rama \u00ebsht\u00eb takuar n\u00eb nj\u00eb nga kafenet\u00eb e Tiran\u00ebs me Vangjel Tavon t\u00eb cilit i ka k\u00ebrkuar q\u00eb t\u00eb b\u00ebhet kryebashkiak i Himar\u00ebs.<\/p>\n<p>Nd\u00ebrsa ky i fundit ia ka b\u00ebr\u00eb t\u00eb qart\u00eb Ram\u00ebs se do ta pranonte vet\u00ebm n\u00eb rast se do t\u00eb pranohej nga pala greke.<\/p>\n","protected":false},"excerpt":{"rendered":"<p>Ish-deputeti i L\u00ebvizjes Socialiste p\u00ebr Integrim, Vangjel Tavo, ka reguar sa i takon z\u00ebrave se \u00a0kryeministri Edi Rama, i ka propozuar atij q\u00eb t\u00eb b\u00ebhet kryebashkiak i Himar\u00ebs, nd\u00ebrkoh\u00eb q\u00eb Fredi Beleri ndodhet n\u00eb paraburgim. I pyetur p\u00ebr k\u00ebt\u00eb \u00e7\u00ebshtje,\u00a0 ish-deputeti i Qarkut Gjirokast\u00ebr, Vangjel Tavo, as e ka mohuar dhe as e ka pranuar [&hellip;]<\/p>\n","protected":false},"author":5,"featured_media":69816,"comment_status":"closed","ping_status":"closed","sticky":false,"template":"","format":"standard","meta":{"footnotes":""},"categories":[6326,6332],"tags":[28628,28627],"class_list":{"0":"post-69815","1":"post","2":"type-post","3":"status-publish","4":"format-standard","5":"has-post-thumbnail","7":"category-politike","8":"category-te-fundit","9":"tag-ja-cfare-thote","10":"tag-tavo-reagon-per-takimin-e-perfolur-me-ramen"},"_links":{"self":[{"href":"https:\/\/jugulajm.net\/index.php?rest_route=\/wp\/v2\/posts\/69815","targetHints":{"allow":["GET"]}}],"collection":[{"href":"https:\/\/jugulajm.net\/index.php?rest_route=\/wp\/v2\/posts"}],"about":[{"href":"https:\/\/jugulajm.net\/index.php?rest_route=\/wp\/v2\/types\/post"}],"author":[{"embeddable":true,"href":"https:\/\/jugulajm.net\/index.php?rest_route=\/wp\/v2\/users\/5"}],"replies":[{"embeddable":true,"href":"https:\/\/jugulajm.net\/index.php?rest_route=%2Fwp%2Fv2%2Fcomments&post=69815"}],"version-history":[{"count":0,"href":"https:\/\/jugulajm.net\/index.php?rest_route=\/wp\/v2\/posts\/69815\/revisions"}],"wp:featuredmedia":[{"embeddable":true,"href":"https:\/\/jugulajm.net\/index.php?rest_route=\/wp\/v2\/media\/69816"}],"wp:attachment":[{"href":"https:\/\/jugulajm.net\/index.php?rest_route=%2Fwp%2Fv2%2Fmedia&parent=69815"}],"wp:term":[{"taxonomy":"category","embeddable":true,"href":"https:\/\/jugulajm.net\/index.php?rest_route=%2Fwp%2Fv2%2Fcategories&post=69815"},{"taxonomy":"post_tag","embeddable":true,"href":"https:\/\/jugulajm.net\/index.php?rest_route=%2Fwp%2Fv2%2Ftags&post=69815"}],"curies":[{"name":"wp","href":"https:\/\/api.w.org\/{rel}","templated":true}]}}