{"id":69754,"date":"2024-01-02T14:14:12","date_gmt":"2024-01-02T13:14:12","guid":{"rendered":"https:\/\/jugulajm.net\/?p=69754"},"modified":"2024-01-02T14:26:38","modified_gmt":"2024-01-02T13:26:38","slug":"video-kryetari-i-pd-se-sali-berisha-pershendet-nga-dritarja-mbeshtetesit-e-tij","status":"publish","type":"post","link":"https:\/\/jugulajm.net\/?p=69754","title":{"rendered":"VIDEO\/ Kryetari i PD-s\u00eb, Sali Berisha, p\u00ebrsh\u00ebndet nga dritarja mb\u00ebshtet\u00ebsit e tij"},"content":{"rendered":"<p>Mb\u00ebshtet\u00ebs dhe simpatizant\u00eb t\u00eb ish-Kryeministrit Sali Berisha jan\u00eb mbledhur posht\u00eb pallatit t\u00eb tij n\u00eb rrug\u00ebn \u201cMustafa Matohiti\u201d n\u00eb mb\u00ebshtetje t\u00eb kryetarit t\u00eb Partis\u00eb Demokratike.<\/p>\n<p>S\u00eb bashku me deputet\u00eb dhe an\u00ebtar\u00eb t\u00eb PD-s\u00eb, ata kan\u00eb shprehur mb\u00ebshtetjen p\u00ebr kryedemokratin.<\/p>\n<p>Nga ana tjet\u00ebr, Sali Berisha i ka p\u00ebrsh\u00ebndetur nga dritarja simpatizant\u00ebt e tij.<\/p>\n<p>Kujtojm\u00eb se ish-Kryeministri Berisha ndodhet me mas\u00eb sigurie \u201carrest n\u00eb sht\u00ebpi\u201d pas vendimit q\u00eb mori dy dit\u00eb m\u00eb par\u00eb Gjykata e Posa\u00e7me.<\/p>\n<div style=\"width: 636px;\" class=\"wp-video\"><!--[if lt IE 9]><script>document.createElement('video');<\/script><![endif]-->\n<video class=\"wp-video-shortcode\" id=\"video-69754-1\" width=\"636\" height=\"360\" preload=\"metadata\" controls=\"controls\"><source type=\"video\/mp4\" src=\"https:\/\/jugulajm.net\/wp-content\/uploads\/2024\/01\/415142912_335669072758027_2492608259215757604_n.mp4?_=1\" \/><a href=\"https:\/\/jugulajm.net\/wp-content\/uploads\/2024\/01\/415142912_335669072758027_2492608259215757604_n.mp4\">https:\/\/jugulajm.net\/wp-content\/uploads\/2024\/01\/415142912_335669072758027_2492608259215757604_n.mp4<\/a><\/video><\/div>\n","protected":false},"excerpt":{"rendered":"<p>Mb\u00ebshtet\u00ebs dhe simpatizant\u00eb t\u00eb ish-Kryeministrit Sali Berisha jan\u00eb mbledhur posht\u00eb pallatit t\u00eb tij n\u00eb rrug\u00ebn \u201cMustafa Matohiti\u201d n\u00eb mb\u00ebshtetje t\u00eb kryetarit t\u00eb Partis\u00eb Demokratike. S\u00eb bashku me deputet\u00eb dhe an\u00ebtar\u00eb t\u00eb PD-s\u00eb, ata kan\u00eb shprehur mb\u00ebshtetjen p\u00ebr kryedemokratin. Nga ana tjet\u00ebr, Sali Berisha i ka p\u00ebrsh\u00ebndetur nga dritarja simpatizant\u00ebt e tij. Kujtojm\u00eb se ish-Kryeministri Berisha [&hellip;]<\/p>\n","protected":false},"author":5,"featured_media":69755,"comment_status":"closed","ping_status":"closed","sticky":false,"template":"","format":"standard","meta":{"footnotes":""},"categories":[6326,6332],"tags":[28598,22446,28597],"class_list":{"0":"post-69754","1":"post","2":"type-post","3":"status-publish","4":"format-standard","5":"has-post-thumbnail","7":"category-politike","8":"category-te-fundit","9":"tag-pershendet-nga-dritarja-mbeshtetesit-e-tij","10":"tag-sali-berisha","11":"tag-video-kryetari-i-pd-se"},"_links":{"self":[{"href":"https:\/\/jugulajm.net\/index.php?rest_route=\/wp\/v2\/posts\/69754","targetHints":{"allow":["GET"]}}],"collection":[{"href":"https:\/\/jugulajm.net\/index.php?rest_route=\/wp\/v2\/posts"}],"about":[{"href":"https:\/\/jugulajm.net\/index.php?rest_route=\/wp\/v2\/types\/post"}],"author":[{"embeddable":true,"href":"https:\/\/jugulajm.net\/index.php?rest_route=\/wp\/v2\/users\/5"}],"replies":[{"embeddable":true,"href":"https:\/\/jugulajm.net\/index.php?rest_route=%2Fwp%2Fv2%2Fcomments&post=69754"}],"version-history":[{"count":0,"href":"https:\/\/jugulajm.net\/index.php?rest_route=\/wp\/v2\/posts\/69754\/revisions"}],"wp:featuredmedia":[{"embeddable":true,"href":"https:\/\/jugulajm.net\/index.php?rest_route=\/wp\/v2\/media\/69755"}],"wp:attachment":[{"href":"https:\/\/jugulajm.net\/index.php?rest_route=%2Fwp%2Fv2%2Fmedia&parent=69754"}],"wp:term":[{"taxonomy":"category","embeddable":true,"href":"https:\/\/jugulajm.net\/index.php?rest_route=%2Fwp%2Fv2%2Fcategories&post=69754"},{"taxonomy":"post_tag","embeddable":true,"href":"https:\/\/jugulajm.net\/index.php?rest_route=%2Fwp%2Fv2%2Ftags&post=69754"}],"curies":[{"name":"wp","href":"https:\/\/api.w.org\/{rel}","templated":true}]}}