{"id":69737,"date":"2024-01-01T22:10:47","date_gmt":"2024-01-01T21:10:47","guid":{"rendered":"https:\/\/jugulajm.net\/?p=69737"},"modified":"2024-01-01T22:10:47","modified_gmt":"2024-01-01T21:10:47","slug":"foto-benz-i-fluturon-mbi-trotuar-perplaset-me-nje-tjeter-benz","status":"publish","type":"post","link":"https:\/\/jugulajm.net\/?p=69737","title":{"rendered":"FOTO\/ &#8220;Benz-i&#8221; fluturon mbi trotuar, p\u00ebrplaset me nj\u00eb tjet\u00ebr &#8220;Benz&#8221;"},"content":{"rendered":"<p>Nj\u00eb aksident \u00ebsht\u00eb regjistruar mbr\u00ebmjen e sotme n\u00eb hyrje t\u00eb Rrug\u00ebs s\u00eb Elbasanit n\u00eb Tiran\u00eb. Disa automjete jan\u00eb p\u00ebrplasur midis tyre.<\/p>\n<div class=\"readmore-text-here\">\n<p>Si\u00e7 shihet nga fotot, nj\u00eb automjet tip Benz ka dal\u00eb rrug\u00eb duke p\u00ebrfunduar n\u00eb korsin\u00eb tjet\u00ebr.<\/p>\n<p>P\u00ebr pasoj\u00eb, ka rr\u00ebzuar nj\u00eb pem\u00eb dhe \u00ebsht\u00eb p\u00ebrplasur me nj\u00eb automjet q\u00eb vinte n\u00eb krah t\u00eb kund\u00ebrt.<\/p>\n<\/div>\n","protected":false},"excerpt":{"rendered":"<p>Nj\u00eb aksident \u00ebsht\u00eb regjistruar mbr\u00ebmjen e sotme n\u00eb hyrje t\u00eb Rrug\u00ebs s\u00eb Elbasanit n\u00eb Tiran\u00eb. Disa automjete jan\u00eb p\u00ebrplasur midis tyre. Si\u00e7 shihet nga fotot, nj\u00eb automjet tip Benz ka dal\u00eb rrug\u00eb duke p\u00ebrfunduar n\u00eb korsin\u00eb tjet\u00ebr. P\u00ebr pasoj\u00eb, ka rr\u00ebzuar nj\u00eb pem\u00eb dhe \u00ebsht\u00eb p\u00ebrplasur me nj\u00eb automjet q\u00eb vinte n\u00eb krah t\u00eb kund\u00ebrt.<\/p>\n","protected":false},"author":5,"featured_media":69738,"comment_status":"closed","ping_status":"closed","sticky":false,"template":"","format":"standard","meta":{"footnotes":""},"categories":[1,6332],"tags":[28589,28590],"class_list":{"0":"post-69737","1":"post","2":"type-post","3":"status-publish","4":"format-standard","5":"has-post-thumbnail","7":"category-aktualitet","8":"category-te-fundit","9":"tag-foto-benz-i-fluturon-mbi-trotuar","10":"tag-perplaset-me-nje-tjeter-benz"},"_links":{"self":[{"href":"https:\/\/jugulajm.net\/index.php?rest_route=\/wp\/v2\/posts\/69737","targetHints":{"allow":["GET"]}}],"collection":[{"href":"https:\/\/jugulajm.net\/index.php?rest_route=\/wp\/v2\/posts"}],"about":[{"href":"https:\/\/jugulajm.net\/index.php?rest_route=\/wp\/v2\/types\/post"}],"author":[{"embeddable":true,"href":"https:\/\/jugulajm.net\/index.php?rest_route=\/wp\/v2\/users\/5"}],"replies":[{"embeddable":true,"href":"https:\/\/jugulajm.net\/index.php?rest_route=%2Fwp%2Fv2%2Fcomments&post=69737"}],"version-history":[{"count":0,"href":"https:\/\/jugulajm.net\/index.php?rest_route=\/wp\/v2\/posts\/69737\/revisions"}],"wp:featuredmedia":[{"embeddable":true,"href":"https:\/\/jugulajm.net\/index.php?rest_route=\/wp\/v2\/media\/69738"}],"wp:attachment":[{"href":"https:\/\/jugulajm.net\/index.php?rest_route=%2Fwp%2Fv2%2Fmedia&parent=69737"}],"wp:term":[{"taxonomy":"category","embeddable":true,"href":"https:\/\/jugulajm.net\/index.php?rest_route=%2Fwp%2Fv2%2Fcategories&post=69737"},{"taxonomy":"post_tag","embeddable":true,"href":"https:\/\/jugulajm.net\/index.php?rest_route=%2Fwp%2Fv2%2Ftags&post=69737"}],"curies":[{"name":"wp","href":"https:\/\/api.w.org\/{rel}","templated":true}]}}