{"id":69711,"date":"2023-12-31T17:45:29","date_gmt":"2023-12-31T16:45:29","guid":{"rendered":"https:\/\/jugulajm.net\/?p=69711"},"modified":"2023-12-31T17:45:29","modified_gmt":"2023-12-31T16:45:29","slug":"gjermani-humb-jeten-21-vjecari-shqiptar-u-godit-me-thike-nga-kurdi-30-vjecar","status":"publish","type":"post","link":"https:\/\/jugulajm.net\/?p=69711","title":{"rendered":"Gjermani, humb jet\u00ebn 21-vje\u00e7ari shqiptar, u godit me thik\u00ea nga kurdi 30-vje\u00e7ar"},"content":{"rendered":"<p>Nj\u00eb ngjarje e r\u00ebnd\u00eb \u00ebsht\u00eb sh\u00ebnuar n\u00eb Gjermani, ku ka humbur jet\u00ebn nj\u00eb i ri shqiptar.<\/p>\n<p>Mediat gjerman b\u00ebjn\u00eb me dije se disa persona jan\u00eb p\u00ebrfshir\u00eb n\u00eb nj\u00eb sherr dhe p\u00ebr pasoj\u00eb ka humbur jet\u00ebn nj\u00eb 21-vje\u00e7ar shqiptar si pasoj\u00eb e goditjeve me thik\u00eb.<\/p>\n<p>B\u00ebhet me dije se ngjarja ka ndodhur n\u00eb nj\u00eb klub pran\u00eb\u00a0 Schuhmacherort n\u00eb Heide.<\/p>\n<p>I plagosur mbeti edhe 30-vje\u00e7ari q\u00eb u p\u00ebrfshi n\u00eb sherrin me viktim\u00ebn, nd\u00ebrsa m\u00eb pas ai \u00ebsht\u00eb arrestuar nga autoritet gjermane.<\/p>\n","protected":false},"excerpt":{"rendered":"<p>Nj\u00eb ngjarje e r\u00ebnd\u00eb \u00ebsht\u00eb sh\u00ebnuar n\u00eb Gjermani, ku ka humbur jet\u00ebn nj\u00eb i ri shqiptar. Mediat gjerman b\u00ebjn\u00eb me dije se disa persona jan\u00eb p\u00ebrfshir\u00eb n\u00eb nj\u00eb sherr dhe p\u00ebr pasoj\u00eb ka humbur jet\u00ebn nj\u00eb 21-vje\u00e7ar shqiptar si pasoj\u00eb e goditjeve me thik\u00eb. B\u00ebhet me dije se ngjarja ka ndodhur n\u00eb nj\u00eb klub pran\u00eb\u00a0 [&hellip;]<\/p>\n","protected":false},"author":5,"featured_media":69712,"comment_status":"closed","ping_status":"closed","sticky":false,"template":"","format":"standard","meta":{"footnotes":""},"categories":[1,7664,6332],"tags":[28574,28575,28576],"class_list":{"0":"post-69711","1":"post","2":"type-post","3":"status-publish","4":"format-standard","5":"has-post-thumbnail","7":"category-aktualitet","8":"category-bota","9":"category-te-fundit","10":"tag-gjermani","11":"tag-humb-jeten-21-vjecari-shqiptar","12":"tag-u-godit-me-thike-nga-kurdi-30-vjecar"},"_links":{"self":[{"href":"https:\/\/jugulajm.net\/index.php?rest_route=\/wp\/v2\/posts\/69711","targetHints":{"allow":["GET"]}}],"collection":[{"href":"https:\/\/jugulajm.net\/index.php?rest_route=\/wp\/v2\/posts"}],"about":[{"href":"https:\/\/jugulajm.net\/index.php?rest_route=\/wp\/v2\/types\/post"}],"author":[{"embeddable":true,"href":"https:\/\/jugulajm.net\/index.php?rest_route=\/wp\/v2\/users\/5"}],"replies":[{"embeddable":true,"href":"https:\/\/jugulajm.net\/index.php?rest_route=%2Fwp%2Fv2%2Fcomments&post=69711"}],"version-history":[{"count":0,"href":"https:\/\/jugulajm.net\/index.php?rest_route=\/wp\/v2\/posts\/69711\/revisions"}],"wp:featuredmedia":[{"embeddable":true,"href":"https:\/\/jugulajm.net\/index.php?rest_route=\/wp\/v2\/media\/69712"}],"wp:attachment":[{"href":"https:\/\/jugulajm.net\/index.php?rest_route=%2Fwp%2Fv2%2Fmedia&parent=69711"}],"wp:term":[{"taxonomy":"category","embeddable":true,"href":"https:\/\/jugulajm.net\/index.php?rest_route=%2Fwp%2Fv2%2Fcategories&post=69711"},{"taxonomy":"post_tag","embeddable":true,"href":"https:\/\/jugulajm.net\/index.php?rest_route=%2Fwp%2Fv2%2Ftags&post=69711"}],"curies":[{"name":"wp","href":"https:\/\/api.w.org\/{rel}","templated":true}]}}