{"id":69665,"date":"2023-12-30T11:12:13","date_gmt":"2023-12-30T10:12:13","guid":{"rendered":"https:\/\/jugulajm.net\/?p=69665"},"modified":"2023-12-30T11:12:13","modified_gmt":"2023-12-30T10:12:13","slug":"emrat-sherr-mes-kusherinjve-1-i-plagosur-me-arme-zjarri","status":"publish","type":"post","link":"https:\/\/jugulajm.net\/?p=69665","title":{"rendered":"EMRAT\/ Sherr mes kush\u00ebrinjve, 1 i plagosur me arm\u00eb zjarri"},"content":{"rendered":"<p>Nj\u00eb person ka mbetur i plagosur me arm\u00eb zjarri n\u00eb fshatin Malbardh\u00eb t\u00eb Kurbinit. Policia njoftoi se i l\u00ebnduari \u00ebsht\u00eb Fatjon Lika.<\/p>\n<p>Ai u q\u00ebllua me nj\u00eb plumb pistolete nga kush\u00ebriri i tij Admir Shqypi (Lika).<\/p>\n<p>I plagosuri u transportua menj\u00ebher\u00eb n\u00eb spitalin e Traum\u00ebs n\u00eb Tiran\u00eb p\u00ebr ndihm\u00eb mjek\u00ebsore dhe ndodhet jasht\u00eb rrezikut p\u00ebr jet\u00ebn.<\/p>\n<p>Autori i k\u00ebsaj ngjarje \u00ebsht\u00eb shpallur n\u00eb k\u00ebrkim. Bashk\u00eb me t\u00eb jan\u00eb shpallur n\u00eb k\u00ebrkim edhe dy shok\u00eb t\u00eb tij, t\u00eb dyshuar si t\u00eb p\u00ebrfshir\u00eb n\u00eb konflikt.<\/p>\n<p><em>\u201cSh\u00ebrbimet e Policis\u00eb Kurbin, t\u00eb DVP Lezh\u00eb dhe Forcat Komb\u00ebtare t\u00eb Siguris\u00eb vijojn\u00eb kontrollet p\u00ebr kapjen e autorit dhe t\u00eb dy shtetasve t\u00eb tjer\u00eb E. L dhe P. L., t\u00eb p\u00ebrfshir\u00eb n\u00eb konflikt\u201d,<\/em>\u00a0njoftoi policia.<\/p>\n<p>Deri m\u00eb tani nuk dihen shkaqet dhe rrethanat e plota t\u00eb k\u00ebsaj ngjarje.<\/p>\n<p>Ajo q\u00eb b\u00ebhet e ditur \u00ebsht\u00eb se mes autorit dhe t\u00eb plagosurit ka pasur nj\u00eb konflikt t\u00eb nisur m\u00eb par\u00eb.<\/p>\n","protected":false},"excerpt":{"rendered":"<p>Nj\u00eb person ka mbetur i plagosur me arm\u00eb zjarri n\u00eb fshatin Malbardh\u00eb t\u00eb Kurbinit. Policia njoftoi se i l\u00ebnduari \u00ebsht\u00eb Fatjon Lika. Ai u q\u00ebllua me nj\u00eb plumb pistolete nga kush\u00ebriri i tij Admir Shqypi (Lika). I plagosuri u transportua menj\u00ebher\u00eb n\u00eb spitalin e Traum\u00ebs n\u00eb Tiran\u00eb p\u00ebr ndihm\u00eb mjek\u00ebsore dhe ndodhet jasht\u00eb rrezikut p\u00ebr [&hellip;]<\/p>\n","protected":false},"author":5,"featured_media":58339,"comment_status":"closed","ping_status":"closed","sticky":false,"template":"","format":"standard","meta":{"footnotes":""},"categories":[1,6332],"tags":[28552,28551],"class_list":{"0":"post-69665","1":"post","2":"type-post","3":"status-publish","4":"format-standard","5":"has-post-thumbnail","7":"category-aktualitet","8":"category-te-fundit","9":"tag-1-i-plagosur-me-arme-zjarri","10":"tag-emrat-sherr-mes-kusherinjve"},"_links":{"self":[{"href":"https:\/\/jugulajm.net\/index.php?rest_route=\/wp\/v2\/posts\/69665","targetHints":{"allow":["GET"]}}],"collection":[{"href":"https:\/\/jugulajm.net\/index.php?rest_route=\/wp\/v2\/posts"}],"about":[{"href":"https:\/\/jugulajm.net\/index.php?rest_route=\/wp\/v2\/types\/post"}],"author":[{"embeddable":true,"href":"https:\/\/jugulajm.net\/index.php?rest_route=\/wp\/v2\/users\/5"}],"replies":[{"embeddable":true,"href":"https:\/\/jugulajm.net\/index.php?rest_route=%2Fwp%2Fv2%2Fcomments&post=69665"}],"version-history":[{"count":0,"href":"https:\/\/jugulajm.net\/index.php?rest_route=\/wp\/v2\/posts\/69665\/revisions"}],"wp:featuredmedia":[{"embeddable":true,"href":"https:\/\/jugulajm.net\/index.php?rest_route=\/wp\/v2\/media\/58339"}],"wp:attachment":[{"href":"https:\/\/jugulajm.net\/index.php?rest_route=%2Fwp%2Fv2%2Fmedia&parent=69665"}],"wp:term":[{"taxonomy":"category","embeddable":true,"href":"https:\/\/jugulajm.net\/index.php?rest_route=%2Fwp%2Fv2%2Fcategories&post=69665"},{"taxonomy":"post_tag","embeddable":true,"href":"https:\/\/jugulajm.net\/index.php?rest_route=%2Fwp%2Fv2%2Ftags&post=69665"}],"curies":[{"name":"wp","href":"https:\/\/api.w.org\/{rel}","templated":true}]}}