{"id":69653,"date":"2023-12-29T22:31:29","date_gmt":"2023-12-29T21:31:29","guid":{"rendered":"https:\/\/jugulajm.net\/?p=69653"},"modified":"2023-12-29T22:31:29","modified_gmt":"2023-12-29T21:31:29","slug":"martinaj-eksperti-karamuco-per-zhdukjen-e-tij-u-bashkuan-disa-grupe-kriminale-dhe","status":"publish","type":"post","link":"https:\/\/jugulajm.net\/?p=69653","title":{"rendered":"Martinaj\/ Eksperti Karamu\u00e7o: P\u00ebr zhdukjen e tij u bashkuan disa grupe kriminale dhe&#8230;"},"content":{"rendered":"<p>Eksperti i kriminalistik\u00ebs, Ervin Karamu\u00e7o dhe gazetari i kronik\u00ebs, Igli \u00c7elmeta, komentuan ngjarjet kriminale q\u00eb ka ndodhur n\u00eb Shqip\u00ebri gjat\u00eb viteve t\u00eb fundit, ku padyshim spikat zhdukja e Ervis Martinajt.<\/p>\n<p>Eksperti i kriminalistik\u00ebs i ftuar n\u00eb studion e News 24 u shpreh se tanim\u00eb grupet kriminale jan\u00eb sofistikuar dhe vet\u00eb nuk marrin pjes\u00eb\u00a0 n\u00eb ngjarje, por paguajn\u00eb vras\u00ebs, mund\u00ebsisht edhe t\u00eb huaj\u00a0 p\u00ebr t\u00eb humbur gjurm\u00ebt, duke shtuar faktin se p\u00ebr zhdukjen e Martinajt dyshohet se\u00a0 \u00ebsht\u00eb krijuar nj\u00eb federat\u00eb\u00a0 e k\u00ebtyre grupeve.<\/p>\n<p>\u201cP\u00ebr zhdukjen e Ervis Martinajt, dyshohet se \u00ebsht\u00eb krijuar nj\u00eb federat\u00eb . Disa grupe kriminale jan\u00eb b\u00ebr\u00eb bashk\u00eb p\u00ebr ta hequr qafe,\u201d tha nd\u00ebr t\u00eb tjera ai.<\/p>\n<p>Nd\u00ebrkoh\u00eb q\u00eb fati i Martinajt mbetet mister, gazetari kronik\u00ebs n\u00eb News24, Igli \u00c7elmeta tha se shteti dhe Policia e Shtetit e di tanim\u00eb t\u00eb v\u00ebrtet\u00ebn p\u00ebr Vis Martinajn, por se kur do ta zgjedhin ta b\u00ebjn\u00eb publike nuk dihet.<\/p>\n<p>\u201cUn\u00eb si gazetar mund t\u00eb konfirmoj q\u00eb shteti dhe Policia e Shtetit e din\u00eb t\u00eb v\u00ebrtet\u00ebn p\u00ebr Ervis Martinajn, por se kur do t\u00eb zgjedhin ta b\u00ebjn\u00eb publike, nuk e di\u201d tha \u00c7elmeta.<\/p>\n<p>Kujtojm\u00eb q\u00eb Martinaj \u00ebsht\u00eb zhdukur q\u00eb n\u00eb muajin gusht t\u00eb vitit 2022 dhe ende nuk dihet fati i tij.<\/p>\n","protected":false},"excerpt":{"rendered":"<p>Eksperti i kriminalistik\u00ebs, Ervin Karamu\u00e7o dhe gazetari i kronik\u00ebs, Igli \u00c7elmeta, komentuan ngjarjet kriminale q\u00eb ka ndodhur n\u00eb Shqip\u00ebri gjat\u00eb viteve t\u00eb fundit, ku padyshim spikat zhdukja e Ervis Martinajt. Eksperti i kriminalistik\u00ebs i ftuar n\u00eb studion e News 24 u shpreh se tanim\u00eb grupet kriminale jan\u00eb sofistikuar dhe vet\u00eb nuk marrin pjes\u00eb\u00a0 n\u00eb ngjarje, [&hellip;]<\/p>\n","protected":false},"author":5,"featured_media":69654,"comment_status":"closed","ping_status":"closed","sticky":false,"template":"","format":"standard","meta":{"footnotes":""},"categories":[1,6332],"tags":[28547],"class_list":{"0":"post-69653","1":"post","2":"type-post","3":"status-publish","4":"format-standard","5":"has-post-thumbnail","7":"category-aktualitet","8":"category-te-fundit","9":"tag-martinaj-eksperti-karamuco-per-zhdukjen-e-tij-u-bashkuan-disa-grupe-kriminale-dhe"},"_links":{"self":[{"href":"https:\/\/jugulajm.net\/index.php?rest_route=\/wp\/v2\/posts\/69653","targetHints":{"allow":["GET"]}}],"collection":[{"href":"https:\/\/jugulajm.net\/index.php?rest_route=\/wp\/v2\/posts"}],"about":[{"href":"https:\/\/jugulajm.net\/index.php?rest_route=\/wp\/v2\/types\/post"}],"author":[{"embeddable":true,"href":"https:\/\/jugulajm.net\/index.php?rest_route=\/wp\/v2\/users\/5"}],"replies":[{"embeddable":true,"href":"https:\/\/jugulajm.net\/index.php?rest_route=%2Fwp%2Fv2%2Fcomments&post=69653"}],"version-history":[{"count":0,"href":"https:\/\/jugulajm.net\/index.php?rest_route=\/wp\/v2\/posts\/69653\/revisions"}],"wp:featuredmedia":[{"embeddable":true,"href":"https:\/\/jugulajm.net\/index.php?rest_route=\/wp\/v2\/media\/69654"}],"wp:attachment":[{"href":"https:\/\/jugulajm.net\/index.php?rest_route=%2Fwp%2Fv2%2Fmedia&parent=69653"}],"wp:term":[{"taxonomy":"category","embeddable":true,"href":"https:\/\/jugulajm.net\/index.php?rest_route=%2Fwp%2Fv2%2Fcategories&post=69653"},{"taxonomy":"post_tag","embeddable":true,"href":"https:\/\/jugulajm.net\/index.php?rest_route=%2Fwp%2Fv2%2Ftags&post=69653"}],"curies":[{"name":"wp","href":"https:\/\/api.w.org\/{rel}","templated":true}]}}