{"id":69650,"date":"2023-12-29T21:02:36","date_gmt":"2023-12-29T20:02:36","guid":{"rendered":"https:\/\/jugulajm.net\/?p=69650"},"modified":"2023-12-29T21:04:01","modified_gmt":"2023-12-29T20:04:01","slug":"vrasja-e-liridones-drejtori-i-policise-mund-te-kete-arrestime-te-tjera","status":"publish","type":"post","link":"https:\/\/jugulajm.net\/?p=69650","title":{"rendered":"Vrasja e Liridon\u00ebs\/ Drejtori i Policis\u00eb: Mund t\u00eb ket\u00eb arrestime t\u00eb tjera"},"content":{"rendered":"<p>Drejtori i Policis\u00eb s\u00eb Kosov\u00ebs, Gazmend Hoxha, ka folur p\u00ebr rastin e vrasjes s\u00eb Liridona Ademajt, duke u shprehur se p\u00ebr k\u00ebt\u00eb rast mund t\u00eb ket\u00eb arrestime t\u00eb tjera.<\/p>\n<p>Drejtori i Policis\u00eb tha se jan\u00eb duke u hetuar disa pista por nuk mudn t\u00eb b\u00ebj\u00eb asgj\u00eb publikr derisa motivi p\u00ebr t\u00eb cilin ndodhi vrasja t\u00eb jet\u00eb i qart\u00eb.<\/p>\n<p>\u201cProcesi hetimor vazhdon n\u00eb disa faza. Policia n\u00eb k\u00ebt\u00eb rast \u00ebsht\u00eb treguar shum\u00eb efikase dhe profesionale. N\u00eb afat rekord ka sqaruar vrasjen dhe ka arritur t\u00eb arrestoj\u00eb personat e p\u00ebrfshir\u00eb n\u00eb k\u00ebt\u00eb rast. Mbetet t\u00eb zbulohet p\u00ebr motivin e k\u00ebsaj vrasje. Jemi duke hetuar disa pista, por s\u2019mund t\u00eb b\u00ebj publike asgj\u00eb, derisa t\u00eb kemi t\u00eb kemi t\u00eb qart\u00eb motivin\u201d, ka th\u00ebn\u00eb Hoxha n\u00eb T7.<\/p>\n<p>M\u00eb tej ai ka theksuar se , policia e kosov\u00ebs \u00ebsht\u00eb mjaft profesionale dhe nuk mjaftohet vet\u00ebm me iniciale.<\/p>\n<p>Ai thekson se q\u00eb n\u00eb momentin e par\u00eb q\u00eb \u00ebsht\u00eb raportuar rasti ka patur dyshime nga ana e policis\u00eb.<\/p>\n<p>\u201cPolicia e Kosov\u00ebs ka nivel t\u00eb lart\u00eb profesional. Edhe polic\u00ebt hetues punojn\u00eb n\u00eb koh\u00eb t\u00eb gjat\u00eb dhe kan\u00eb p\u00ebrvoj\u00eb n\u00eb hetim. Q\u00eb n\u00eb momentet e para, kemi pasur indicie q\u00eb di\u00e7ka nuk \u00ebsht\u00eb n\u00eb rregull. Nuk mjaftohemi me indicie, na \u00ebsht\u00eb dashur t\u00eb sigurojm\u00eb prova p\u00ebr t\u00eb arrestuar dik\u00eb. Rasti u raportua q\u00eb ka qen\u00eb grabitje. Sqarimet q\u00eb jan\u00eb dh\u00ebn\u00eb nga vet\u00eb Naim Murseli dhe nga personat e tjer\u00eb s\u2019kan\u00eb qen\u00eb bindes\u00eb p\u00ebr ne dhe kemi nxjerr\u00eb t\u00eb gjitha faktet dhe d\u00ebshmit\u00eb. \u00cbsht\u00eb ekzaminuar gjith\u00eb procesi, kamerat q\u00eb kan\u00eb sht\u00ebpit\u00eb n\u00eb at\u00eb vendndodhje, ku \u00ebsht\u00eb kryer vrasja\u201d, ka th\u00ebn\u00eb Hoxha.<\/p>\n<p>N\u00eb fund ai n\u00ebnvizoi se nuk \u00ebsht\u00eb par\u00eb momenti i vrasjes pasi n\u00eb at\u00eb zon\u00eb nuk ka patur kamera.<\/p>\n<p>\u201cMomenti i vrasjes s\u2019\u00ebsht\u00eb i fokusuar. Ka qen\u00eb nj\u00eb zon\u00eb q\u00eb s\u2019\u00ebsht\u00eb kapur nga kamerat\u201d, \u00ebsht\u00eb shprehur ai.<\/p>\n","protected":false},"excerpt":{"rendered":"<p>Drejtori i Policis\u00eb s\u00eb Kosov\u00ebs, Gazmend Hoxha, ka folur p\u00ebr rastin e vrasjes s\u00eb Liridona Ademajt, duke u shprehur se p\u00ebr k\u00ebt\u00eb rast mund t\u00eb ket\u00eb arrestime t\u00eb tjera. Drejtori i Policis\u00eb tha se jan\u00eb duke u hetuar disa pista por nuk mudn t\u00eb b\u00ebj\u00eb asgj\u00eb publikr derisa motivi p\u00ebr t\u00eb cilin ndodhi vrasja t\u00eb [&hellip;]<\/p>\n","protected":false},"author":5,"featured_media":68513,"comment_status":"closed","ping_status":"closed","sticky":false,"template":"","format":"standard","meta":{"footnotes":""},"categories":[1,27451,6332],"tags":[28546],"class_list":{"0":"post-69650","1":"post","2":"type-post","3":"status-publish","4":"format-standard","5":"has-post-thumbnail","7":"category-aktualitet","8":"category-kosova","9":"category-te-fundit","10":"tag-vrasja-e-liridones-drejtori-i-policise-mund-te-kete-arrestime-te-tjera"},"_links":{"self":[{"href":"https:\/\/jugulajm.net\/index.php?rest_route=\/wp\/v2\/posts\/69650","targetHints":{"allow":["GET"]}}],"collection":[{"href":"https:\/\/jugulajm.net\/index.php?rest_route=\/wp\/v2\/posts"}],"about":[{"href":"https:\/\/jugulajm.net\/index.php?rest_route=\/wp\/v2\/types\/post"}],"author":[{"embeddable":true,"href":"https:\/\/jugulajm.net\/index.php?rest_route=\/wp\/v2\/users\/5"}],"replies":[{"embeddable":true,"href":"https:\/\/jugulajm.net\/index.php?rest_route=%2Fwp%2Fv2%2Fcomments&post=69650"}],"version-history":[{"count":0,"href":"https:\/\/jugulajm.net\/index.php?rest_route=\/wp\/v2\/posts\/69650\/revisions"}],"wp:featuredmedia":[{"embeddable":true,"href":"https:\/\/jugulajm.net\/index.php?rest_route=\/wp\/v2\/media\/68513"}],"wp:attachment":[{"href":"https:\/\/jugulajm.net\/index.php?rest_route=%2Fwp%2Fv2%2Fmedia&parent=69650"}],"wp:term":[{"taxonomy":"category","embeddable":true,"href":"https:\/\/jugulajm.net\/index.php?rest_route=%2Fwp%2Fv2%2Fcategories&post=69650"},{"taxonomy":"post_tag","embeddable":true,"href":"https:\/\/jugulajm.net\/index.php?rest_route=%2Fwp%2Fv2%2Ftags&post=69650"}],"curies":[{"name":"wp","href":"https:\/\/api.w.org\/{rel}","templated":true}]}}