{"id":69643,"date":"2023-12-29T17:40:56","date_gmt":"2023-12-29T16:40:56","guid":{"rendered":"https:\/\/jugulajm.net\/?p=69643"},"modified":"2023-12-29T17:40:56","modified_gmt":"2023-12-29T16:40:56","slug":"i-kercenoi-babain-20-vjecari-shqiptar-plagos-me-thike-italianin","status":"publish","type":"post","link":"https:\/\/jugulajm.net\/?p=69643","title":{"rendered":"I k\u00ebrc\u00ebnoi babain, 20-vje\u00e7ari shqiptar plagos me thik\u00eb italianin"},"content":{"rendered":"<p>Dy shqiptar\u00eb, bab\u00eb e bir jan\u00eb arrestuar n\u00eb Ariccia t\u00eb Italis\u00eb, pasi akuzohen p\u00ebr vatr\u00ebn penale \u2018vrasje e mbetur n\u00eb tentativ\u00eb\u2019, ndaj nj\u00eb shtetasi italian.<\/p>\n<p><a href=\"https:\/\/www.ilmamilio.it\/c\/news\/59243-ariccia-convalidati-gli-arresti-di-due-albanesi-accusati-di-tentato-omicidio.html\">Mediat e huaja<\/a>\u00a0shkruajn\u00eb se shtetasi italian kishte k\u00ebrc\u00ebnuar me thik\u00eb 50-vje\u00e7arin shqiptar, t\u00eb cilit i erdhi n\u00eb ndihm\u00eb djali i tij, 20 vje\u00e7. Konflikti degradoi m\u00eb tej, ku 20-vje\u00e7ari goditi me thik\u00eb shtetasin italian n\u00eb gjoks.<\/p>\n<p>I plagosuri u transportua me urgjenc\u00eb p\u00ebr n\u00eb spital ku u n\u00ebnshtrua nj\u00eb operacioni.<\/p>\n<p>Menj\u00ebher\u00eb pas ngjarjes, policia italiane ka arrestuar dy shtetasit shqiptar\u00eb, bab\u00eb e bir.<\/p>\n","protected":false},"excerpt":{"rendered":"<p>Dy shqiptar\u00eb, bab\u00eb e bir jan\u00eb arrestuar n\u00eb Ariccia t\u00eb Italis\u00eb, pasi akuzohen p\u00ebr vatr\u00ebn penale \u2018vrasje e mbetur n\u00eb tentativ\u00eb\u2019, ndaj nj\u00eb shtetasi italian. Mediat e huaja\u00a0shkruajn\u00eb se shtetasi italian kishte k\u00ebrc\u00ebnuar me thik\u00eb 50-vje\u00e7arin shqiptar, t\u00eb cilit i erdhi n\u00eb ndihm\u00eb djali i tij, 20 vje\u00e7. Konflikti degradoi m\u00eb tej, ku 20-vje\u00e7ari goditi [&hellip;]<\/p>\n","protected":false},"author":5,"featured_media":0,"comment_status":"closed","ping_status":"closed","sticky":false,"template":"","format":"standard","meta":{"footnotes":""},"categories":[1,6332],"tags":[28543,28542],"class_list":{"0":"post-69643","1":"post","2":"type-post","3":"status-publish","4":"format-standard","6":"category-aktualitet","7":"category-te-fundit","8":"tag-20-vjecari-shqiptar-plagos-me-thike-italianin","9":"tag-i-kercenoi-babain"},"_links":{"self":[{"href":"https:\/\/jugulajm.net\/index.php?rest_route=\/wp\/v2\/posts\/69643","targetHints":{"allow":["GET"]}}],"collection":[{"href":"https:\/\/jugulajm.net\/index.php?rest_route=\/wp\/v2\/posts"}],"about":[{"href":"https:\/\/jugulajm.net\/index.php?rest_route=\/wp\/v2\/types\/post"}],"author":[{"embeddable":true,"href":"https:\/\/jugulajm.net\/index.php?rest_route=\/wp\/v2\/users\/5"}],"replies":[{"embeddable":true,"href":"https:\/\/jugulajm.net\/index.php?rest_route=%2Fwp%2Fv2%2Fcomments&post=69643"}],"version-history":[{"count":0,"href":"https:\/\/jugulajm.net\/index.php?rest_route=\/wp\/v2\/posts\/69643\/revisions"}],"wp:attachment":[{"href":"https:\/\/jugulajm.net\/index.php?rest_route=%2Fwp%2Fv2%2Fmedia&parent=69643"}],"wp:term":[{"taxonomy":"category","embeddable":true,"href":"https:\/\/jugulajm.net\/index.php?rest_route=%2Fwp%2Fv2%2Fcategories&post=69643"},{"taxonomy":"post_tag","embeddable":true,"href":"https:\/\/jugulajm.net\/index.php?rest_route=%2Fwp%2Fv2%2Ftags&post=69643"}],"curies":[{"name":"wp","href":"https:\/\/api.w.org\/{rel}","templated":true}]}}