{"id":69608,"date":"2023-12-28T15:43:27","date_gmt":"2023-12-28T14:43:27","guid":{"rendered":"https:\/\/jugulajm.net\/?p=69608"},"modified":"2023-12-28T15:43:27","modified_gmt":"2023-12-28T14:43:27","slug":"emri-foto-34-vjecarja-gjendet-e-pajete-dyshohet-se","status":"publish","type":"post","link":"https:\/\/jugulajm.net\/?p=69608","title":{"rendered":"EMRI-FOTO\/ 34-vje\u00e7arja gjendet e pajet\u00eb, dyshohet se&#8230;"},"content":{"rendered":"<p>Nj\u00eb 34-vje\u00e7are \u00ebsht\u00eb gjetur pa shenja jete sot.<\/p>\n<p>B\u00ebhet fjal\u00eb p\u00ebr Artila Kameri, e cila sipas raportimeve ka k\u00ebrcyer nga kati i dyt\u00eb i nj\u00eb hoteli n\u00eb magjistralen Prishtin\u00eb- Lipjan.<\/p>\n<p>Ajo \u00ebsht\u00eb nga Gjakova dhe kishte nj\u00eb biznes p\u00ebr rregullimin e thonj\u00ebve.<\/p>\n<p>Lidhur me rastin \u00ebsht\u00eb deklaruar Prokuroria Themelore n\u00eb Prishtin\u00eb. Z\u00ebdh\u00ebn\u00ebsja Laureta Ulaj, ka th\u00ebn\u00eb p\u00ebr Express se rasti \u00ebsht\u00eb iniciuar \u201chetim mbi vdekjen\u201d.<\/p>\n<p>Ajo tha se jan\u00eb duke u nd\u00ebrmarr\u00eb veprimet e nevojshme hetimore p\u00ebr zbardhjen e rastit.<\/p>\n<p>\u201cPas pranimit t\u00eb informat\u00ebs nga policia, prokurori kujdestar nga Departamenti i Krimeve t\u00eb R\u00ebnda ka dal\u00eb n\u00eb vendin e ngjarjes. Me urdh\u00ebr t\u00eb nj\u00ebjtit trupi i pa jet\u00eb \u00ebsht\u00eb d\u00ebrguar n\u00eb IML p\u00ebr t\u2019iu b\u00ebr\u00eb obduksioni, nd\u00ebrsa rasti \u00ebsht\u00eb iniciuar \u201chetim mbi vdekjen\u201d. Prokuroria n\u00eb koordinim me policin\u00eb \u00ebsht\u00eb duke i nd\u00ebrmarr\u00eb veprimet e nevojshme hetimore p\u00ebr t\u2019i ndri\u00e7uar rrethanat e k\u00ebtij rasti\u201d, tha Ulaj p\u00ebr Express.<\/p>\n<p>Rastin e ka konfirmuar fillimisht z\u00ebdh\u00ebn\u00ebsja e rajonit t\u00eb Prishtin\u00ebs, Flora Ahmeti.<\/p>\n<p>Ajo tha se vdekjen e viktim\u00ebs e ka konstatuar ekipi mjek\u00ebsor n\u00eb vendin e ngjarjes.<\/p>\n<p>Trupi i pajet\u00eb \u00ebsht\u00eb d\u00ebrguar p\u00ebr obduksion, nd\u00ebra Policia n\u00eb koordinim me Prokurorin\u00eb ka nisur hetimet.<\/p>\n<p>\u201cSot n\u00eb stacionin policor t\u00eb Graqanic\u00ebs \u00ebsht\u00eb iniciuar nj\u00eb rast hetim mbi vdekjen, ku viktim\u00eb \u00ebsht\u00eb nj\u00eb fem\u00ebr 34 vje\u00e7, vdekjen e s\u00eb cil\u00ebs e ka konstatuar ekipi mjek\u00ebsor n\u00eb vendngjarje. Aktualisht policia n\u00eb koordinim me Prokurorin\u00eb\u00a0 ka nisur dhe po nd\u00ebrmerr t\u00eb gjitha veprimet e duhura hetimore q\u00eb do t\u00eb ndihmonin hetimin dhe sqarimin e rastit, nd\u00ebrkoh\u00eb q\u00eb trupi i pajet\u00eb i viktim\u00ebs \u00ebsht\u00eb d\u00ebrguar p\u00ebr obduksion.\u201d<\/p>\n","protected":false},"excerpt":{"rendered":"<p>Nj\u00eb 34-vje\u00e7are \u00ebsht\u00eb gjetur pa shenja jete sot. B\u00ebhet fjal\u00eb p\u00ebr Artila Kameri, e cila sipas raportimeve ka k\u00ebrcyer nga kati i dyt\u00eb i nj\u00eb hoteli n\u00eb magjistralen Prishtin\u00eb- Lipjan. Ajo \u00ebsht\u00eb nga Gjakova dhe kishte nj\u00eb biznes p\u00ebr rregullimin e thonj\u00ebve. Lidhur me rastin \u00ebsht\u00eb deklaruar Prokuroria Themelore n\u00eb Prishtin\u00eb. Z\u00ebdh\u00ebn\u00ebsja Laureta Ulaj, ka [&hellip;]<\/p>\n","protected":false},"author":5,"featured_media":69609,"comment_status":"closed","ping_status":"closed","sticky":false,"template":"","format":"standard","meta":{"footnotes":""},"categories":[1,6332],"tags":[23094,28522],"class_list":{"0":"post-69608","1":"post","2":"type-post","3":"status-publish","4":"format-standard","5":"has-post-thumbnail","7":"category-aktualitet","8":"category-te-fundit","9":"tag-dyshohet-se","10":"tag-emri-foto-34-vjecarja-gjendet-e-pajete"},"_links":{"self":[{"href":"https:\/\/jugulajm.net\/index.php?rest_route=\/wp\/v2\/posts\/69608","targetHints":{"allow":["GET"]}}],"collection":[{"href":"https:\/\/jugulajm.net\/index.php?rest_route=\/wp\/v2\/posts"}],"about":[{"href":"https:\/\/jugulajm.net\/index.php?rest_route=\/wp\/v2\/types\/post"}],"author":[{"embeddable":true,"href":"https:\/\/jugulajm.net\/index.php?rest_route=\/wp\/v2\/users\/5"}],"replies":[{"embeddable":true,"href":"https:\/\/jugulajm.net\/index.php?rest_route=%2Fwp%2Fv2%2Fcomments&post=69608"}],"version-history":[{"count":0,"href":"https:\/\/jugulajm.net\/index.php?rest_route=\/wp\/v2\/posts\/69608\/revisions"}],"wp:featuredmedia":[{"embeddable":true,"href":"https:\/\/jugulajm.net\/index.php?rest_route=\/wp\/v2\/media\/69609"}],"wp:attachment":[{"href":"https:\/\/jugulajm.net\/index.php?rest_route=%2Fwp%2Fv2%2Fmedia&parent=69608"}],"wp:term":[{"taxonomy":"category","embeddable":true,"href":"https:\/\/jugulajm.net\/index.php?rest_route=%2Fwp%2Fv2%2Fcategories&post=69608"},{"taxonomy":"post_tag","embeddable":true,"href":"https:\/\/jugulajm.net\/index.php?rest_route=%2Fwp%2Fv2%2Ftags&post=69608"}],"curies":[{"name":"wp","href":"https:\/\/api.w.org\/{rel}","templated":true}]}}