{"id":69603,"date":"2023-12-28T12:29:49","date_gmt":"2023-12-28T11:29:49","guid":{"rendered":"https:\/\/jugulajm.net\/?p=69603"},"modified":"2023-12-28T12:29:49","modified_gmt":"2023-12-28T11:29:49","slug":"flet-kreu-i-spak-dumani-po-hetojme-per-mcgonigal-inceneratorin-e-tiranes-veliaj-ahmetaj","status":"publish","type":"post","link":"https:\/\/jugulajm.net\/?p=69603","title":{"rendered":"Flet kreu i SPAK, Dumani: Po hetojm\u00eb p\u00ebr McGonigal, inceneratorin e Tiran\u00ebs, Veliaj, Ahmetaj&#8230;"},"content":{"rendered":"<p>N\u00eb nj\u00eb takim informal me gazetar\u00ebt, kreu i SPAK, Altin Dumani iu p\u00ebrgjigj disa pyetjeve me interes q\u00eb kan\u00eb t\u00eb b\u00ebjn\u00eb me \u00e7\u00ebshtje konkrete ndaj t\u00eb cilave organi i akuz\u00ebs ka hetime apo akuza t\u00eb paraqitura n\u00eb gjykat\u00eb.<\/p>\n<p>P\u00ebr McGonigal ai u pyet n\u00eb kuadrin e nj\u00eb kall\u00ebzimi q\u00eb \u00ebsht\u00eb b\u00ebr\u00eb n\u00eb SPAK nga Gazment Bardhi, ku Dumani konfirmon regjistrimin e procedimit dhe la t\u00eb kuptohet se po kryhen hetime, por nga ana tjet\u00ebr nuk komentoi faz\u00ebn ku ndodhen dhe n\u00ebse ka komunikim apo bashk\u00ebpunim me autoritetet amerikane.<\/p>\n<p>Dumani: \u201cNe nuk mund t\u00eb japim asnj\u00eb informacion. Kemi pasur nj\u00eb kall\u00ebzues (Gazment Bardhi), e kemi informuar p\u00ebr gjith\u00e7ka q\u00eb ka k\u00ebrkuar por i kemi k\u00ebrkuar t\u00eb n\u00ebnshkruaj\u00eb mbi ruajtjen e sekretit hetimor dhe t\u00eb mos b\u00ebhen publike\u201d.<\/p>\n<p>Altin Dumani nuk dha shifra zyrtar\u00ebsh kryesisht policor\u00eb t\u00eb dal\u00eb nga transkriptet e Encro Chat dhe Sky E\u00c7, por tha se pothuajse n\u00eb \u00e7do material, ka emra t\u00eb tyre t\u00eb p\u00ebrfshir\u00eb, teksa foli edhe lidhur me \u00e7\u00ebshtjen e posedimit t\u00eb nj\u00eb aparati t\u00eb till\u00eb, ku q\u00ebndrimi i tij nxjerr n\u00eb pah p\u00ebrplasjen me ministrin\u00eb e brendshme q\u00eb disa jav\u00eb m\u00eb par\u00eb komunikoi se \u00e7do punonj\u00ebs policie q\u00eb i kan\u00eb p\u00ebrdorur, duhet t\u00eb p\u00ebrjashtohet nga strukturat.<\/p>\n<p>Dumani: \u201cMbajtja e k\u00ebtyre aplikacioneve nuk p\u00ebrb\u00ebn vep\u00ebr penale, jo \u00e7do bised\u00eb q\u00eb kryhej aty p\u00ebrben shkelje, por n\u00ebse ka komunikime q\u00eb i komprometojn\u00eb, at\u00ebher\u00eb \u00ebsht\u00eb \u00e7\u00ebshtje tjet\u00ebr q\u00eb verifikohen e merren masa. Por n\u00eb \u00e7do hetim na dalin nj\u00eb ose m\u00eb shum\u00eb polic\u00eb, gjithashtu nuk kan\u00eb munguar edhe n\u00eb radh\u00ebt e prokuror\u00ebve, ju marr shembull rastin q\u00eb tashm\u00eb \u00ebsht\u00eb publik, Xhevahir Lita\u201d<\/p>\n<p>P\u00ebr inceneratorin e Tiran\u00ebs, Dumani tha se nuk ka fraksion t\u00eb ndar\u00eb, por hetimet vazhdojn\u00eb p\u00ebr \u00e7do aktor q\u00eb ka kryer veprime apo mosveprime, duke mos p\u00ebrjashtuar as kryebashkiakun e Tiran\u00ebs.<\/p>\n<p>Dumani: \u201c\u00cbsht\u00eb n\u00eb faz\u00eb hetimesh paraprake q\u00eb vazhdojn\u00eb n\u00eb drejtim t\u00eb \u00e7do faktori q\u00eb mund t\u00eb ken\u00eb kryer veprime penale, apo persona t\u00eb tjer\u00eb q\u00eb kan\u00eb pasur n\u00eb duar vendimmarrje. Hetimet po b\u00ebhen n\u00eb kuad\u00ebr t\u00eb t\u00eb nj\u00ebjtit procedim, jo me fraksion (pyetje: edhe ndaj Veliajt). Do sqarohet pozita e secilit, \u00e7do veprim po verifikohet\u201d.<\/p>\n<p>Dumani iu p\u00ebrgjigj edhe interesimit p\u00ebr \u00e7\u00ebshtjen e Sterilizimit dhe polemikave q\u00eb jan\u00eb p\u00ebrhapur rreth amnistimit t\u00eb ish-ministrit Ilir Beqaj.<\/p>\n<p>Dumani: \u201cJemi prokuror\u00eb, por s\u2019do t\u00eb thot\u00eb t\u00eb mendojm\u00eb dhe arsyetojm\u00eb t\u00eb gjith\u00eb nj\u00ebsoj. Kam nd\u00ebrhyr\u00eb me udh\u00ebzim detyrues, q\u00eb n\u00eb muajin maj kur nuk ishin dh\u00ebn\u00eb masat e para (p\u00ebr Rrjepaj e Rrapaj). Kam shprehur q\u00ebndrimin tim n\u00eb raport me \u00e7\u00ebshtjen dhe rolin e ish-ministrit. Prokuror\u00ebt e \u00e7\u00ebshtjes n\u00eb vijim kan\u00eb marr\u00eb pjes\u00ebrisht n\u00eb konsiderat\u00eb q\u00ebndrimet e mia por edhe t\u00eb gjyqtarit Bani. K\u00ebshtu funksionon sistemi, \u00e7\u2019mund t\u00eb them tjet\u00ebr\u201d.<\/p>\n<p>I pyetur p\u00ebr Arben Ahmetajn, ai tha: \u201cArben Ahmetaj p\u00ebr ne \u00ebsht\u00eb nj\u00eb person q\u00eb k\u00ebrkohet nd\u00ebrkomb\u00ebtarisht. S\u2019mund t\u00eb them asgj\u00eb mbi informacionet q\u00eb k\u00ebrkoni p\u00ebr vendndodhjen, nuk e ndajm\u00eb dot k\u00ebtu. Ai n\u00eb raport me SPAK \u00ebsht\u00eb n\u00eb k\u00ebrkim. \u00cbsht\u00eb nj\u00eb \u00e7\u00ebshtje q\u00eb po hetohet p\u00ebrdit\u00eb\u201d.<\/p>\n","protected":false},"excerpt":{"rendered":"<p>N\u00eb nj\u00eb takim informal me gazetar\u00ebt, kreu i SPAK, Altin Dumani iu p\u00ebrgjigj disa pyetjeve me interes q\u00eb kan\u00eb t\u00eb b\u00ebjn\u00eb me \u00e7\u00ebshtje konkrete ndaj t\u00eb cilave organi i akuz\u00ebs ka hetime apo akuza t\u00eb paraqitura n\u00eb gjykat\u00eb. P\u00ebr McGonigal ai u pyet n\u00eb kuadrin e nj\u00eb kall\u00ebzimi q\u00eb \u00ebsht\u00eb b\u00ebr\u00eb n\u00eb SPAK nga Gazment [&hellip;]<\/p>\n","protected":false},"author":5,"featured_media":54029,"comment_status":"closed","ping_status":"closed","sticky":false,"template":"","format":"standard","meta":{"footnotes":""},"categories":[1,6332],"tags":[7181,28518,28517,28519,28520],"class_list":{"0":"post-69603","1":"post","2":"type-post","3":"status-publish","4":"format-standard","5":"has-post-thumbnail","7":"category-aktualitet","8":"category-te-fundit","9":"tag-ahmetaj","10":"tag-dumani-po-hetojme-per-mcgonigal","11":"tag-flet-kreu-i-spak","12":"tag-inceneratorin-e-tiranes","13":"tag-veliaj"},"_links":{"self":[{"href":"https:\/\/jugulajm.net\/index.php?rest_route=\/wp\/v2\/posts\/69603","targetHints":{"allow":["GET"]}}],"collection":[{"href":"https:\/\/jugulajm.net\/index.php?rest_route=\/wp\/v2\/posts"}],"about":[{"href":"https:\/\/jugulajm.net\/index.php?rest_route=\/wp\/v2\/types\/post"}],"author":[{"embeddable":true,"href":"https:\/\/jugulajm.net\/index.php?rest_route=\/wp\/v2\/users\/5"}],"replies":[{"embeddable":true,"href":"https:\/\/jugulajm.net\/index.php?rest_route=%2Fwp%2Fv2%2Fcomments&post=69603"}],"version-history":[{"count":0,"href":"https:\/\/jugulajm.net\/index.php?rest_route=\/wp\/v2\/posts\/69603\/revisions"}],"wp:featuredmedia":[{"embeddable":true,"href":"https:\/\/jugulajm.net\/index.php?rest_route=\/wp\/v2\/media\/54029"}],"wp:attachment":[{"href":"https:\/\/jugulajm.net\/index.php?rest_route=%2Fwp%2Fv2%2Fmedia&parent=69603"}],"wp:term":[{"taxonomy":"category","embeddable":true,"href":"https:\/\/jugulajm.net\/index.php?rest_route=%2Fwp%2Fv2%2Fcategories&post=69603"},{"taxonomy":"post_tag","embeddable":true,"href":"https:\/\/jugulajm.net\/index.php?rest_route=%2Fwp%2Fv2%2Ftags&post=69603"}],"curies":[{"name":"wp","href":"https:\/\/api.w.org\/{rel}","templated":true}]}}