{"id":69578,"date":"2023-12-27T18:46:29","date_gmt":"2023-12-27T17:46:29","guid":{"rendered":"https:\/\/jugulajm.net\/?p=69578"},"modified":"2023-12-27T18:46:29","modified_gmt":"2023-12-27T17:46:29","slug":"emri-cmendet-60-vjecari-vret-2-famijaret-per-nje-vendparkim","status":"publish","type":"post","link":"https:\/\/jugulajm.net\/?p=69578","title":{"rendered":"EMRI\/ \u00c7mendet 60-vje\u00e7ari, vret 2 famijar\u00ebt p\u00ebr nj\u00eb vendparkim"},"content":{"rendered":"<p>Ilmi Ismaili, \u00ebsht\u00eb 60-vje\u00e7ari, i cili dyshohet se vrau me arm\u00eb zjarri dy familjar\u00eb t\u00eb tij, dhe plagosi nj\u00eb tjet\u00ebr, pas nj\u00eb sherri p\u00ebr nj\u00eb vendparkim.<\/p>\n<p>Sipas mediave maqedonase, pas z\u00ebnk\u00ebs ka q\u00eblluar me arm\u00eb zjarri n\u00eb drejtim t\u00eb dy familjar\u00ebve, duke i l\u00ebn\u00eb t\u00eb vdekur, nd\u00ebrsa nj\u00eb familjar i tret\u00eb ka p\u00ebsuar plag\u00eb t\u00eb r\u00ebnda.<\/p>\n<p>Gjithashtu nga ngjarja ka mbetur dhe vet\u00eb i l\u00ebnduar.<\/p>\n<p>M\u00ebsohet se i dyshuari para disa viteve ishte kthyer nga emigrimi dhe jetonte n\u00eb fshat.<\/p>\n<p><em>\u201cZyrtar\u00ebt policor\u00eb t\u00eb SPB Tetov\u00eb kan\u00eb ndaluar 60-vje\u00e7arin me inicialet I.I nga ky fshat, pas nj\u00eb njoftimi se n\u00eb ora 14.00 me arm\u00eb zjarri ka vrar\u00eb dy familjar\u00eb t\u00eb tij dhe nj\u00eb ka plagosur. Edhe dorasi po ashtu ka mbetur i plagosur t\u00eb shkaktuara nga arm\u00eb zjarri. Po nd\u00ebrmerren masa p\u00ebr zbardhjen e plot\u00eb t\u00eb rastit\u201d<\/em>, thuhet n\u00eb njoftimin e policis\u00eb.<\/p>\n","protected":false},"excerpt":{"rendered":"<p>Ilmi Ismaili, \u00ebsht\u00eb 60-vje\u00e7ari, i cili dyshohet se vrau me arm\u00eb zjarri dy familjar\u00eb t\u00eb tij, dhe plagosi nj\u00eb tjet\u00ebr, pas nj\u00eb sherri p\u00ebr nj\u00eb vendparkim. Sipas mediave maqedonase, pas z\u00ebnk\u00ebs ka q\u00eblluar me arm\u00eb zjarri n\u00eb drejtim t\u00eb dy familjar\u00ebve, duke i l\u00ebn\u00eb t\u00eb vdekur, nd\u00ebrsa nj\u00eb familjar i tret\u00eb ka p\u00ebsuar plag\u00eb t\u00eb [&hellip;]<\/p>\n","protected":false},"author":5,"featured_media":69579,"comment_status":"closed","ping_status":"closed","sticky":false,"template":"","format":"standard","meta":{"footnotes":""},"categories":[1,6332],"tags":[28504,28505],"class_list":{"0":"post-69578","1":"post","2":"type-post","3":"status-publish","4":"format-standard","5":"has-post-thumbnail","7":"category-aktualitet","8":"category-te-fundit","9":"tag-emri-cmendet-60-vjecari","10":"tag-vret-2-famijaret-per-nje-vendparkim"},"_links":{"self":[{"href":"https:\/\/jugulajm.net\/index.php?rest_route=\/wp\/v2\/posts\/69578","targetHints":{"allow":["GET"]}}],"collection":[{"href":"https:\/\/jugulajm.net\/index.php?rest_route=\/wp\/v2\/posts"}],"about":[{"href":"https:\/\/jugulajm.net\/index.php?rest_route=\/wp\/v2\/types\/post"}],"author":[{"embeddable":true,"href":"https:\/\/jugulajm.net\/index.php?rest_route=\/wp\/v2\/users\/5"}],"replies":[{"embeddable":true,"href":"https:\/\/jugulajm.net\/index.php?rest_route=%2Fwp%2Fv2%2Fcomments&post=69578"}],"version-history":[{"count":0,"href":"https:\/\/jugulajm.net\/index.php?rest_route=\/wp\/v2\/posts\/69578\/revisions"}],"wp:featuredmedia":[{"embeddable":true,"href":"https:\/\/jugulajm.net\/index.php?rest_route=\/wp\/v2\/media\/69579"}],"wp:attachment":[{"href":"https:\/\/jugulajm.net\/index.php?rest_route=%2Fwp%2Fv2%2Fmedia&parent=69578"}],"wp:term":[{"taxonomy":"category","embeddable":true,"href":"https:\/\/jugulajm.net\/index.php?rest_route=%2Fwp%2Fv2%2Fcategories&post=69578"},{"taxonomy":"post_tag","embeddable":true,"href":"https:\/\/jugulajm.net\/index.php?rest_route=%2Fwp%2Fv2%2Ftags&post=69578"}],"curies":[{"name":"wp","href":"https:\/\/api.w.org\/{rel}","templated":true}]}}