{"id":69576,"date":"2023-12-27T18:04:49","date_gmt":"2023-12-27T17:04:49","guid":{"rendered":"https:\/\/jugulajm.net\/?p=69576"},"modified":"2023-12-27T18:04:49","modified_gmt":"2023-12-27T17:04:49","slug":"emri-65-vjecari-gjendet-i-pajete-ja-per-cfare-dyshohet","status":"publish","type":"post","link":"https:\/\/jugulajm.net\/?p=69576","title":{"rendered":"EMRI\/ 65-vje\u00e7ari gjendet i pajet\u00eb, ja p\u00ebr \u00e7far\u00eb dyshohet&#8230;"},"content":{"rendered":"<p>Nj\u00eb 65-vje\u00e7ar \u00ebsht\u00eb gjetur i pajet\u00eb n\u00eb zon\u00ebn e Kavalishenc\u00ebs n\u00eb qytetin e Pogradecit.<\/p>\n<p>Sipas policis\u00eb trupi nuk rezulton t\u00eb ket\u00eb shenja dhune.<\/p>\n<p>Dyshohet se 65-vje\u00e7ari, Minir Berberi, t\u00eb ket\u00eb nd\u00ebrruar jet\u00eb p\u00ebr shkaqe natyrale nd\u00ebrkoh\u00eb q\u00eb do jet\u00eb ekspertiza mjekoligjore ajo q\u00eb do t\u00eb p\u00ebrcaktoj\u00eb shkakun e vdekjes.<\/p>\n<p>Sipas uniformave blu viktima jetonte vet\u00ebm dhe njihej si p\u00ebrdorues i alkoolit.<\/p>\n<p>Grupi hetimor po punon p\u00ebr p\u00ebrcaktimin e shkaqeve t\u00eb vdekjes dhe zbardhjen e rrethanave t\u00eb ngjarjes.<\/p>\n","protected":false},"excerpt":{"rendered":"<p>Nj\u00eb 65-vje\u00e7ar \u00ebsht\u00eb gjetur i pajet\u00eb n\u00eb zon\u00ebn e Kavalishenc\u00ebs n\u00eb qytetin e Pogradecit. Sipas policis\u00eb trupi nuk rezulton t\u00eb ket\u00eb shenja dhune. Dyshohet se 65-vje\u00e7ari, Minir Berberi, t\u00eb ket\u00eb nd\u00ebrruar jet\u00eb p\u00ebr shkaqe natyrale nd\u00ebrkoh\u00eb q\u00eb do jet\u00eb ekspertiza mjekoligjore ajo q\u00eb do t\u00eb p\u00ebrcaktoj\u00eb shkakun e vdekjes. Sipas uniformave blu viktima jetonte vet\u00ebm [&hellip;]<\/p>\n","protected":false},"author":5,"featured_media":54364,"comment_status":"closed","ping_status":"closed","sticky":false,"template":"","format":"standard","meta":{"footnotes":""},"categories":[1,6332],"tags":[28502,28503],"class_list":{"0":"post-69576","1":"post","2":"type-post","3":"status-publish","4":"format-standard","5":"has-post-thumbnail","7":"category-aktualitet","8":"category-te-fundit","9":"tag-emri-65-vjecari-gjendet-i-pajete","10":"tag-ja-per-cfare-dyshohet"},"_links":{"self":[{"href":"https:\/\/jugulajm.net\/index.php?rest_route=\/wp\/v2\/posts\/69576","targetHints":{"allow":["GET"]}}],"collection":[{"href":"https:\/\/jugulajm.net\/index.php?rest_route=\/wp\/v2\/posts"}],"about":[{"href":"https:\/\/jugulajm.net\/index.php?rest_route=\/wp\/v2\/types\/post"}],"author":[{"embeddable":true,"href":"https:\/\/jugulajm.net\/index.php?rest_route=\/wp\/v2\/users\/5"}],"replies":[{"embeddable":true,"href":"https:\/\/jugulajm.net\/index.php?rest_route=%2Fwp%2Fv2%2Fcomments&post=69576"}],"version-history":[{"count":0,"href":"https:\/\/jugulajm.net\/index.php?rest_route=\/wp\/v2\/posts\/69576\/revisions"}],"wp:featuredmedia":[{"embeddable":true,"href":"https:\/\/jugulajm.net\/index.php?rest_route=\/wp\/v2\/media\/54364"}],"wp:attachment":[{"href":"https:\/\/jugulajm.net\/index.php?rest_route=%2Fwp%2Fv2%2Fmedia&parent=69576"}],"wp:term":[{"taxonomy":"category","embeddable":true,"href":"https:\/\/jugulajm.net\/index.php?rest_route=%2Fwp%2Fv2%2Fcategories&post=69576"},{"taxonomy":"post_tag","embeddable":true,"href":"https:\/\/jugulajm.net\/index.php?rest_route=%2Fwp%2Fv2%2Ftags&post=69576"}],"curies":[{"name":"wp","href":"https:\/\/api.w.org\/{rel}","templated":true}]}}