{"id":69562,"date":"2023-12-27T12:21:19","date_gmt":"2023-12-27T11:21:19","guid":{"rendered":"https:\/\/jugulajm.net\/?p=69562"},"modified":"2023-12-27T12:27:30","modified_gmt":"2023-12-27T11:27:30","slug":"mesazh-prekes-i-tavos-per-vajzen-eva-do-te-mbushte-sot-24-vjece-festo-me-engjejt-shpirti-im","status":"publish","type":"post","link":"https:\/\/jugulajm.net\/?p=69562","title":{"rendered":"Mesazh prek\u00ebs i Tavos p\u00ebr vajz\u00ebn: Eva do t\u00eb mbushte sot 24 vje\u00e7e. Festo me engj\u00ebjt shpirti im!"},"content":{"rendered":"<p>Ish-deputeti i Qarkut Gjirokast\u00ebr, Vangjel Tavo, ka kujtuar vajz\u00ebn e tij t\u00eb ndjer\u00eb, q\u00eb sot do t\u00eb mbushte 24 vje\u00e7e, por q\u00eb jeta iu pre n\u00eb mes pas nj\u00eb aksidenti automobilistik.<\/p>\n<p>P\u00ebrmes nj\u00eb mesazhi n\u00eb fb Tavo thekson se p\u00ebr t\u00eb dhe familjen Eva ishte lumturi dhe bekim.<\/p>\n<p><strong>Mesazhi prek\u00ebs i Tavos:<\/strong><\/p>\n<p>Sot Eva do mbushte 24 vje\u00e7e e do e festonte dit\u00eblindjen me familjen dhe miqt\u00eb\u2026, por Per\u00ebndia deshi q\u00eb ajo ta festoj\u00eb me engj\u00ebjt\u2026<\/p>\n<p>Eva ishte p\u00ebr ne jet\u00eb, lumturi, dashuri dhe bekim, kujtimi i saj ishte, e mbetet thesar. E desh\u00ebm e do e duam p\u00ebrjet\u00ebsisht p\u00ebrtej \u00e7do fjale e p\u00ebrshkrimi!<\/p>\n<p>Na mungon shum\u00eb e vogla ime dhe p\u00ebr \u00e7do dit\u00eb t\u00eb mbetur t\u00eb jet\u00ebs son\u00eb, deri n\u00eb frym\u00ebmarrjen e fundit, do mendojm\u00eb kujtimet m\u00eb t\u00eb bukura q\u00eb ti na le\u2026<\/p>\n<p>Me zemr\u00ebn e pik\u00eblluar dhe lot\u00ebt e fsheht\u00eb q\u00eb rrjedhin nga thell\u00ebsit\u00eb e shpirtit, n\u00eb pamund\u00ebsi t\u00eb t\u00eb uroj n\u00ebn t\u00eb ngrohtin p\u00ebrqafim: Festo me engj\u00ebjt Eva, shpirti im!<\/p>\n<p>Vangjel Tavo dhe familja.<\/p>\n<div class=\"container no-gutter responsive-full-width\">\n<div class=\"row\">\n<div class=\"col-md-12 col-sm-12\">\n<div class=\"news-full-content\">\n<div class=\"full_content_thumb_wrap thumb_holder\"><img loading=\"lazy\" loading=\"lazy\" decoding=\"async\" class=\"attachment-single-post size-single-post wp-post-image\" src=\"https:\/\/www.balkanweb.com\/wp-content\/uploads\/2023\/12\/415192029_880545280742343_7421402032602804862_n-338x450.jpg\" sizes=\"auto, (max-width: 338px) 100vw, 338px\" srcset=\"https:\/\/www.balkanweb.com\/wp-content\/uploads\/2023\/12\/415192029_880545280742343_7421402032602804862_n-338x450.jpg 338w, https:\/\/www.balkanweb.com\/wp-content\/uploads\/2023\/12\/415192029_880545280742343_7421402032602804862_n-210x280.jpg 210w, https:\/\/www.balkanweb.com\/wp-content\/uploads\/2023\/12\/415192029_880545280742343_7421402032602804862_n-263x350.jpg 263w, https:\/\/www.balkanweb.com\/wp-content\/uploads\/2023\/12\/415192029_880545280742343_7421402032602804862_n-768x1024.jpg 768w, https:\/\/www.balkanweb.com\/wp-content\/uploads\/2023\/12\/415192029_880545280742343_7421402032602804862_n-197x263.jpg 197w, https:\/\/www.balkanweb.com\/wp-content\/uploads\/2023\/12\/415192029_880545280742343_7421402032602804862_n-60x80.jpg 60w, https:\/\/www.balkanweb.com\/wp-content\/uploads\/2023\/12\/415192029_880545280742343_7421402032602804862_n.jpg 1080w\" alt=\"415192029 880545280742343 7421402032602804862 N\" width=\"338\" height=\"450\" \/><\/div>\n<\/div>\n<\/div>\n<\/div>\n<\/div>\n","protected":false},"excerpt":{"rendered":"<p>Ish-deputeti i Qarkut Gjirokast\u00ebr, Vangjel Tavo, ka kujtuar vajz\u00ebn e tij t\u00eb ndjer\u00eb, q\u00eb sot do t\u00eb mbushte 24 vje\u00e7e, por q\u00eb jeta iu pre n\u00eb mes pas nj\u00eb aksidenti automobilistik. P\u00ebrmes nj\u00eb mesazhi n\u00eb fb Tavo thekson se p\u00ebr t\u00eb dhe familjen Eva ishte lumturi dhe bekim. Mesazhi prek\u00ebs i Tavos: Sot Eva do [&hellip;]<\/p>\n","protected":false},"author":5,"featured_media":69563,"comment_status":"closed","ping_status":"closed","sticky":false,"template":"","format":"standard","meta":{"footnotes":""},"categories":[1,6332],"tags":[28496],"class_list":{"0":"post-69562","1":"post","2":"type-post","3":"status-publish","4":"format-standard","5":"has-post-thumbnail","7":"category-aktualitet","8":"category-te-fundit","9":"tag-mesazh-prekes-i-tavos-per-vajzen-eva-do-te-mbushte-sot-24-vjece-festo-me-engjejt-shpirti-im"},"_links":{"self":[{"href":"https:\/\/jugulajm.net\/index.php?rest_route=\/wp\/v2\/posts\/69562","targetHints":{"allow":["GET"]}}],"collection":[{"href":"https:\/\/jugulajm.net\/index.php?rest_route=\/wp\/v2\/posts"}],"about":[{"href":"https:\/\/jugulajm.net\/index.php?rest_route=\/wp\/v2\/types\/post"}],"author":[{"embeddable":true,"href":"https:\/\/jugulajm.net\/index.php?rest_route=\/wp\/v2\/users\/5"}],"replies":[{"embeddable":true,"href":"https:\/\/jugulajm.net\/index.php?rest_route=%2Fwp%2Fv2%2Fcomments&post=69562"}],"version-history":[{"count":0,"href":"https:\/\/jugulajm.net\/index.php?rest_route=\/wp\/v2\/posts\/69562\/revisions"}],"wp:featuredmedia":[{"embeddable":true,"href":"https:\/\/jugulajm.net\/index.php?rest_route=\/wp\/v2\/media\/69563"}],"wp:attachment":[{"href":"https:\/\/jugulajm.net\/index.php?rest_route=%2Fwp%2Fv2%2Fmedia&parent=69562"}],"wp:term":[{"taxonomy":"category","embeddable":true,"href":"https:\/\/jugulajm.net\/index.php?rest_route=%2Fwp%2Fv2%2Fcategories&post=69562"},{"taxonomy":"post_tag","embeddable":true,"href":"https:\/\/jugulajm.net\/index.php?rest_route=%2Fwp%2Fv2%2Ftags&post=69562"}],"curies":[{"name":"wp","href":"https:\/\/api.w.org\/{rel}","templated":true}]}}