{"id":69536,"date":"2023-12-26T16:10:21","date_gmt":"2023-12-26T15:10:21","guid":{"rendered":"https:\/\/jugulajm.net\/?p=69536"},"modified":"2023-12-26T16:10:21","modified_gmt":"2023-12-26T15:10:21","slug":"procedohet-penalisht-60-vjecarja-ofendoi-nusen-e-djalit-te-saj","status":"publish","type":"post","link":"https:\/\/jugulajm.net\/?p=69536","title":{"rendered":"Procedohet penalisht 60-vje\u00e7arja, ofendoi nusen e djalit t\u00eb saj"},"content":{"rendered":"<p>Nj\u00eb 60-vje\u00e7are \u00ebsht\u00eb v\u00ebn\u00eb n\u00eb hetim pasi ka ofenduar nusen e djalit.<\/p>\n<p>Ngjarja ka ndodhur n\u00eb Kor\u00e7\u00eb, ku m\u00ebsohet se hetimi ka nisur ndaj E. Sh., 60 vje\u00e7e, banuese n\u00eb fshatin Shqitas, Maliq.<\/p>\n<p>Nusja ishte pajisur me urdh\u00ebr mbrojtje, por kjo nuk e ka penguar vjehrr\u00ebn.<\/p>\n<p><strong>Njoftimi i policis\u00eb:<\/strong><\/p>\n<p>Policia e Shtetit referoi materialet n\u00eb Prokurori ku filloi procedimi penal n\u00eb gjendje t\u00eb lir\u00eb p\u00ebr shtetasen E. Sh., 60 vje\u00e7e, banuese n\u00eb fshatin Shqitas, Maliq, pasi n\u00eb kund\u00ebrshtim me vendimin e gjykat\u00ebs ka ofenduar nusen e djalit t\u00eb saj, e cila \u00ebsht\u00eb e pajisur me urdh\u00ebr mbrojtjeje.<\/p>\n","protected":false},"excerpt":{"rendered":"<p>Nj\u00eb 60-vje\u00e7are \u00ebsht\u00eb v\u00ebn\u00eb n\u00eb hetim pasi ka ofenduar nusen e djalit. Ngjarja ka ndodhur n\u00eb Kor\u00e7\u00eb, ku m\u00ebsohet se hetimi ka nisur ndaj E. Sh., 60 vje\u00e7e, banuese n\u00eb fshatin Shqitas, Maliq. Nusja ishte pajisur me urdh\u00ebr mbrojtje, por kjo nuk e ka penguar vjehrr\u00ebn. Njoftimi i policis\u00eb: Policia e Shtetit referoi materialet n\u00eb [&hellip;]<\/p>\n","protected":false},"author":5,"featured_media":52254,"comment_status":"closed","ping_status":"closed","sticky":false,"template":"","format":"standard","meta":{"footnotes":""},"categories":[1,6332],"tags":[28484,28483],"class_list":{"0":"post-69536","1":"post","2":"type-post","3":"status-publish","4":"format-standard","5":"has-post-thumbnail","7":"category-aktualitet","8":"category-te-fundit","9":"tag-ofendoi-nusen-e-djalit-te-saj","10":"tag-procedohet-penalisht-60-vjecarja"},"_links":{"self":[{"href":"https:\/\/jugulajm.net\/index.php?rest_route=\/wp\/v2\/posts\/69536","targetHints":{"allow":["GET"]}}],"collection":[{"href":"https:\/\/jugulajm.net\/index.php?rest_route=\/wp\/v2\/posts"}],"about":[{"href":"https:\/\/jugulajm.net\/index.php?rest_route=\/wp\/v2\/types\/post"}],"author":[{"embeddable":true,"href":"https:\/\/jugulajm.net\/index.php?rest_route=\/wp\/v2\/users\/5"}],"replies":[{"embeddable":true,"href":"https:\/\/jugulajm.net\/index.php?rest_route=%2Fwp%2Fv2%2Fcomments&post=69536"}],"version-history":[{"count":0,"href":"https:\/\/jugulajm.net\/index.php?rest_route=\/wp\/v2\/posts\/69536\/revisions"}],"wp:featuredmedia":[{"embeddable":true,"href":"https:\/\/jugulajm.net\/index.php?rest_route=\/wp\/v2\/media\/52254"}],"wp:attachment":[{"href":"https:\/\/jugulajm.net\/index.php?rest_route=%2Fwp%2Fv2%2Fmedia&parent=69536"}],"wp:term":[{"taxonomy":"category","embeddable":true,"href":"https:\/\/jugulajm.net\/index.php?rest_route=%2Fwp%2Fv2%2Fcategories&post=69536"},{"taxonomy":"post_tag","embeddable":true,"href":"https:\/\/jugulajm.net\/index.php?rest_route=%2Fwp%2Fv2%2Ftags&post=69536"}],"curies":[{"name":"wp","href":"https:\/\/api.w.org\/{rel}","templated":true}]}}