{"id":69498,"date":"2023-12-25T15:19:49","date_gmt":"2023-12-25T14:19:49","guid":{"rendered":"https:\/\/jugulajm.net\/?p=69498"},"modified":"2023-12-25T15:21:00","modified_gmt":"2023-12-25T14:21:00","slug":"lajm-i-fundit-zjarr-ne-nje-qender-tregtare","status":"publish","type":"post","link":"https:\/\/jugulajm.net\/?p=69498","title":{"rendered":"LAJM I FUNDIT\/ Zjarr n\u00eb nj\u00eb qend\u00ebr tregtare"},"content":{"rendered":"<p>Njoftimi i policis\u00eb:<\/p>\n<p>Rreth or\u00ebs 14:40, njoftohemi se n\u00eb Qendr\u00ebn Tregtare \u201cMetropol\u201d n\u00eb qytetin e Lushnj\u00ebs ka r\u00ebn\u00eb zjarr.<\/p>\n<p>Sh\u00ebrbimet e Komisariatit t\u00eb Policis\u00eb Lushnj\u00eb dhe Forca e Posa\u00e7me \u201cShqiponja\u201d kan\u00eb shkuar n\u00eb vendngjarje dhe po marin masa p\u00ebr evakuimin e qytetar\u00ebve dhe banor\u00ebve n\u00eb q\u00ebndr\u00ebn treg\u00ebtare.<\/p>\n<p>Jan\u00eb d\u00ebrguar edhe forcat e siguris\u00eb komb\u00ebtare n\u00eb mbeshtetje t\u00eb Policis\u00eb Vendore p\u00ebr evakuimin e qytetar\u00ebve.<\/p>\n<p>Sh\u00ebrbimet zjarr\u00ebfik\u00ebse ndodhen n\u00eb vendngjarje dhe po punojn\u00eb p\u00ebr shuarjen e flak\u00ebve.<\/p>\n<p>Esht\u00eb ngritur nj\u00eb grup i posa\u00e7\u00ebm hetimor dhe n\u00eb drejtimin e Prokuroris\u00eb, po punohet p\u00ebr zbardhjen e rrethanave t\u00eb r\u00ebnies s\u00eb zjarrit.<\/p>\n","protected":false},"excerpt":{"rendered":"<p>Njoftimi i policis\u00eb: Rreth or\u00ebs 14:40, njoftohemi se n\u00eb Qendr\u00ebn Tregtare \u201cMetropol\u201d n\u00eb qytetin e Lushnj\u00ebs ka r\u00ebn\u00eb zjarr. Sh\u00ebrbimet e Komisariatit t\u00eb Policis\u00eb Lushnj\u00eb dhe Forca e Posa\u00e7me \u201cShqiponja\u201d kan\u00eb shkuar n\u00eb vendngjarje dhe po marin masa p\u00ebr evakuimin e qytetar\u00ebve dhe banor\u00ebve n\u00eb q\u00ebndr\u00ebn treg\u00ebtare. Jan\u00eb d\u00ebrguar edhe forcat e siguris\u00eb komb\u00ebtare n\u00eb [&hellip;]<\/p>\n","protected":false},"author":5,"featured_media":55168,"comment_status":"closed","ping_status":"closed","sticky":false,"template":"","format":"standard","meta":{"footnotes":""},"categories":[1,6332],"tags":[28461],"class_list":{"0":"post-69498","1":"post","2":"type-post","3":"status-publish","4":"format-standard","5":"has-post-thumbnail","7":"category-aktualitet","8":"category-te-fundit","9":"tag-lajm-i-fundit-zjarr-ne-nje-qender-tregtare"},"_links":{"self":[{"href":"https:\/\/jugulajm.net\/index.php?rest_route=\/wp\/v2\/posts\/69498","targetHints":{"allow":["GET"]}}],"collection":[{"href":"https:\/\/jugulajm.net\/index.php?rest_route=\/wp\/v2\/posts"}],"about":[{"href":"https:\/\/jugulajm.net\/index.php?rest_route=\/wp\/v2\/types\/post"}],"author":[{"embeddable":true,"href":"https:\/\/jugulajm.net\/index.php?rest_route=\/wp\/v2\/users\/5"}],"replies":[{"embeddable":true,"href":"https:\/\/jugulajm.net\/index.php?rest_route=%2Fwp%2Fv2%2Fcomments&post=69498"}],"version-history":[{"count":0,"href":"https:\/\/jugulajm.net\/index.php?rest_route=\/wp\/v2\/posts\/69498\/revisions"}],"wp:featuredmedia":[{"embeddable":true,"href":"https:\/\/jugulajm.net\/index.php?rest_route=\/wp\/v2\/media\/55168"}],"wp:attachment":[{"href":"https:\/\/jugulajm.net\/index.php?rest_route=%2Fwp%2Fv2%2Fmedia&parent=69498"}],"wp:term":[{"taxonomy":"category","embeddable":true,"href":"https:\/\/jugulajm.net\/index.php?rest_route=%2Fwp%2Fv2%2Fcategories&post=69498"},{"taxonomy":"post_tag","embeddable":true,"href":"https:\/\/jugulajm.net\/index.php?rest_route=%2Fwp%2Fv2%2Ftags&post=69498"}],"curies":[{"name":"wp","href":"https:\/\/api.w.org\/{rel}","templated":true}]}}