{"id":69477,"date":"2023-12-24T22:27:39","date_gmt":"2023-12-24T21:27:39","guid":{"rendered":"https:\/\/jugulajm.net\/?p=69477"},"modified":"2023-12-24T22:30:02","modified_gmt":"2023-12-24T21:30:02","slug":"lajm-i-fundit-emri-shperthim-tritoli-ne-banese-ja-kujt-i-perket","status":"publish","type":"post","link":"https:\/\/jugulajm.net\/?p=69477","title":{"rendered":"LAJM I FUNDIT!! (EMRI) Shp\u00ebrthim tritoli n\u00eb banes\u00eb, ja kujt i p\u00ebrket&#8230;"},"content":{"rendered":"<div class=\"firstP\">\n<p>Nj\u00eb sasi tritoli ka shp\u00ebrthyer mbr\u00ebmjen e sotme n\u00eb banes\u00ebn e Altin Lam\u00e7es n\u00eb Lushnj\u00eb.<\/p>\n<\/div>\n<p>Deri m\u00eb tani nuk raportohen m\u00eb tep\u00ebr detaje, por kjo nuk \u00ebsht\u00eb hera e par\u00eb q\u00eb ndodh nj\u00eb gj\u00eb e till\u00eb n\u00eb banes\u00ebn e k\u00ebtij personi.<\/p>\n<p>M\u00eb e fundit u konstatua mbr\u00ebmjen e 26 korrikut, n\u00eb lagjen \u201c18 Tetori\u201d.<\/p>\n<p>L\u00ebnda plas\u00ebse ishte hedhur n\u00eb banes\u00ebn ku banonte Altin Lam\u00e7e, p\u00ebr t\u00eb tret\u00ebn her\u00eb radhazi.<\/p>\n<p>Rasti i par\u00eb ka ndodhur n\u00eb tetor t\u00eb vitit t\u00eb 2022, nd\u00ebrsa rasti i dyt\u00eb m\u00eb 31 dhjetor t\u00eb vitit 2022.<\/p>\n<p>Edhe pse ka kaluar shum\u00eb koh\u00eb nga shp\u00ebrthimi, asnj\u00eb autor apo pist\u00eb nuk \u00ebsht\u00eb zbuluar nga policia e Lushnj\u00ebs.<\/p>\n","protected":false},"excerpt":{"rendered":"<p>Nj\u00eb sasi tritoli ka shp\u00ebrthyer mbr\u00ebmjen e sotme n\u00eb banes\u00ebn e Altin Lam\u00e7es n\u00eb Lushnj\u00eb. Deri m\u00eb tani nuk raportohen m\u00eb tep\u00ebr detaje, por kjo nuk \u00ebsht\u00eb hera e par\u00eb q\u00eb ndodh nj\u00eb gj\u00eb e till\u00eb n\u00eb banes\u00ebn e k\u00ebtij personi. M\u00eb e fundit u konstatua mbr\u00ebmjen e 26 korrikut, n\u00eb lagjen \u201c18 Tetori\u201d. L\u00ebnda [&hellip;]<\/p>\n","protected":false},"author":5,"featured_media":55172,"comment_status":"closed","ping_status":"closed","sticky":false,"template":"","format":"standard","meta":{"footnotes":""},"categories":[1,6332],"tags":[24793,28453],"class_list":{"0":"post-69477","1":"post","2":"type-post","3":"status-publish","4":"format-standard","5":"has-post-thumbnail","7":"category-aktualitet","8":"category-te-fundit","9":"tag-ja-kujt-i-perket","10":"tag-lajm-i-fundit-emri-shperthim-tritoli-ne-banese"},"_links":{"self":[{"href":"https:\/\/jugulajm.net\/index.php?rest_route=\/wp\/v2\/posts\/69477","targetHints":{"allow":["GET"]}}],"collection":[{"href":"https:\/\/jugulajm.net\/index.php?rest_route=\/wp\/v2\/posts"}],"about":[{"href":"https:\/\/jugulajm.net\/index.php?rest_route=\/wp\/v2\/types\/post"}],"author":[{"embeddable":true,"href":"https:\/\/jugulajm.net\/index.php?rest_route=\/wp\/v2\/users\/5"}],"replies":[{"embeddable":true,"href":"https:\/\/jugulajm.net\/index.php?rest_route=%2Fwp%2Fv2%2Fcomments&post=69477"}],"version-history":[{"count":0,"href":"https:\/\/jugulajm.net\/index.php?rest_route=\/wp\/v2\/posts\/69477\/revisions"}],"wp:featuredmedia":[{"embeddable":true,"href":"https:\/\/jugulajm.net\/index.php?rest_route=\/wp\/v2\/media\/55172"}],"wp:attachment":[{"href":"https:\/\/jugulajm.net\/index.php?rest_route=%2Fwp%2Fv2%2Fmedia&parent=69477"}],"wp:term":[{"taxonomy":"category","embeddable":true,"href":"https:\/\/jugulajm.net\/index.php?rest_route=%2Fwp%2Fv2%2Fcategories&post=69477"},{"taxonomy":"post_tag","embeddable":true,"href":"https:\/\/jugulajm.net\/index.php?rest_route=%2Fwp%2Fv2%2Ftags&post=69477"}],"curies":[{"name":"wp","href":"https:\/\/api.w.org\/{rel}","templated":true}]}}