{"id":69450,"date":"2023-12-23T20:42:23","date_gmt":"2023-12-23T19:42:23","guid":{"rendered":"https:\/\/jugulajm.net\/?p=69450"},"modified":"2023-12-23T20:45:06","modified_gmt":"2023-12-23T19:45:06","slug":"foto-detaje-nga-aksidenti-ne-levan-tepelene-7-te-plagosur-2-prej-te-cileve-femije","status":"publish","type":"post","link":"https:\/\/jugulajm.net\/?p=69450","title":{"rendered":"FOTO\/ Detaje nga aksidenti n\u00eb aksin Levan-Tepelen\u00eb, 7 t\u00eb plagosur, 2 prej t\u00eb cil\u00ebve f\u00ebmij\u00eb"},"content":{"rendered":"<p>Nj\u00eb aksident automobilistik ka ndodhur pak minuta m\u00eb par\u00eb n\u00eb aksin e autostrad\u00ebs Levan \u2013 Tepelen\u00eb n\u00eb af\u00ebrsi t\u00eb vendit t\u00eb quajtur \u201c24 orar\u00ebshi\u201d n\u00eb Po\u00e7em.<\/p>\n<p>Burime zyrtare nga policia e Fierit pohojn\u00eb se jan\u00eb p\u00ebrplasur 2 makina e si pasoj\u00eb ka t\u00eb plagosur t\u00eb cil\u00ebt po transportohen n\u00eb urgjenc\u00ebn e spitalit Rajonal Fier p\u00ebr t\u2019u dh\u00ebn\u00eb ndihma e par\u00eb mjek\u00ebsore.<\/p>\n<p>N\u00eb vendngjarje kan\u00eb shkuar forca t\u00eb policis\u00eb rrugore dhe ekspert\u00ebt p\u00ebr t\u00eb zbardhur rrethanat e k\u00ebtij aksidenti.<\/p>\n<p>Gjithashtu m\u00ebsohet se n\u00eb spital jan\u00eb paraqitur 5 persona t\u00eb plagosur nga aksidenti, mes t\u00eb cil\u00ebve jan\u00eb dhe 2 f\u00ebmij\u00ebt.<\/p>\n<p>Nj\u00ebri prej tyre 3 vje\u00e7 n\u00eb gjendje m\u00eb t\u00eb r\u00ebnd\u00eb, \u00ebsht\u00eb futur n\u00eb sall\u00ebn e operacionit.<\/p>\n<p>Nd\u00ebrsa burime paraprake b\u00ebjn\u00eb me dije se jan\u00eb edhe 2 persona t\u00eb tjer\u00eb t\u00eb plagosur, pra 7 gjithsej.<\/p>\n","protected":false},"excerpt":{"rendered":"<p>Nj\u00eb aksident automobilistik ka ndodhur pak minuta m\u00eb par\u00eb n\u00eb aksin e autostrad\u00ebs Levan \u2013 Tepelen\u00eb n\u00eb af\u00ebrsi t\u00eb vendit t\u00eb quajtur \u201c24 orar\u00ebshi\u201d n\u00eb Po\u00e7em. Burime zyrtare nga policia e Fierit pohojn\u00eb se jan\u00eb p\u00ebrplasur 2 makina e si pasoj\u00eb ka t\u00eb plagosur t\u00eb cil\u00ebt po transportohen n\u00eb urgjenc\u00ebn e spitalit Rajonal Fier p\u00ebr [&hellip;]<\/p>\n","protected":false},"author":5,"featured_media":69451,"comment_status":"closed","ping_status":"closed","sticky":false,"template":"","format":"standard","meta":{"footnotes":""},"categories":[1,6332],"tags":[28441,25429,28440],"class_list":{"0":"post-69450","1":"post","2":"type-post","3":"status-publish","4":"format-standard","5":"has-post-thumbnail","7":"category-aktualitet","8":"category-te-fundit","9":"tag-2-prej-te-cileve-femije","10":"tag-7-te-plagosur","11":"tag-foto-detaje-nga-aksidenti-ne-levan-tepelene"},"_links":{"self":[{"href":"https:\/\/jugulajm.net\/index.php?rest_route=\/wp\/v2\/posts\/69450","targetHints":{"allow":["GET"]}}],"collection":[{"href":"https:\/\/jugulajm.net\/index.php?rest_route=\/wp\/v2\/posts"}],"about":[{"href":"https:\/\/jugulajm.net\/index.php?rest_route=\/wp\/v2\/types\/post"}],"author":[{"embeddable":true,"href":"https:\/\/jugulajm.net\/index.php?rest_route=\/wp\/v2\/users\/5"}],"replies":[{"embeddable":true,"href":"https:\/\/jugulajm.net\/index.php?rest_route=%2Fwp%2Fv2%2Fcomments&post=69450"}],"version-history":[{"count":0,"href":"https:\/\/jugulajm.net\/index.php?rest_route=\/wp\/v2\/posts\/69450\/revisions"}],"wp:featuredmedia":[{"embeddable":true,"href":"https:\/\/jugulajm.net\/index.php?rest_route=\/wp\/v2\/media\/69451"}],"wp:attachment":[{"href":"https:\/\/jugulajm.net\/index.php?rest_route=%2Fwp%2Fv2%2Fmedia&parent=69450"}],"wp:term":[{"taxonomy":"category","embeddable":true,"href":"https:\/\/jugulajm.net\/index.php?rest_route=%2Fwp%2Fv2%2Fcategories&post=69450"},{"taxonomy":"post_tag","embeddable":true,"href":"https:\/\/jugulajm.net\/index.php?rest_route=%2Fwp%2Fv2%2Ftags&post=69450"}],"curies":[{"name":"wp","href":"https:\/\/api.w.org\/{rel}","templated":true}]}}