{"id":69416,"date":"2023-12-22T21:40:54","date_gmt":"2023-12-22T20:40:54","guid":{"rendered":"https:\/\/jugulajm.net\/?p=69416"},"modified":"2023-12-22T21:40:54","modified_gmt":"2023-12-22T20:40:54","slug":"video-e-safetit-me-almen-dalin-bisedat-e-nxjerra-nga-spak-mos-ka-dale-fytyra-ime-obobo","status":"publish","type":"post","link":"https:\/\/jugulajm.net\/?p=69416","title":{"rendered":"Video e Safetit me Alm\u00ebn\/ Dalin bisedat e nxjerra nga SPAK: Mos, ka dal\u00eb fytyra ime, obobo\u2026"},"content":{"rendered":"<p>N\u00eb bisedat e nxjerra nga SPAK nga \u201czb\u00ebrthimi\u201d i telefonit t\u00eb Alma Ka\u00e7it, shfaqet dhe nj\u00eb episod intersant, n\u00eb lidhje me hetimet p\u00ebr video-skandalin me ish-kryebashkiakun e Kuk\u00ebsit Safet Gjici.<\/p>\n<div class=\"insertion-box\">\n<div class=\"\">\n<div id=\"t6585f2b4eb479\" data-p=\"100\">\n<div class=\"medianative\" data-reklama=\"Neptun Alfapress\"><\/div>\n<\/div>\n<\/div>\n<\/div>\n<p>B\u00ebhet fjal\u00eb p\u00ebr nj\u00eb bised\u00eb mes Alma Ka\u00e7it me nj\u00eb shtetase t\u00eb identifikuar si Denisa, e cila dyshohet se \u00ebsht\u00eb nj\u00eb gazetare e emisionit investigativ \u201cFiks Fare\u201d.<\/p>\n<p>Biseda zhvillohet n\u00eb momentin kur pamjet e videos filluan t\u00eb qarkullonin n\u00eb rrjetet sociale, ku Denisa e v\u00eb n\u00eb dijeni Alma Ka\u00e7in t\u00eb k\u00ebsaj gj\u00ebje, teksa kjo e fundit shprehet e bindur se ato i ka shp\u00ebrndar\u00eb personi me emrin Abedin, ku dyshohet se b\u00ebhet fjal\u00eb p\u00ebr ish-kryetarin e Qarkut t\u00eb Kuk\u00ebsit, Abedin Oru\u00e7i, i cili ka nj\u00eb p\u00ebrplasje t\u00eb vjet\u00ebr me Safet Gjicin.<\/p>\n<p><strong>Biseda n\u00eb dosjen e SPAK<\/strong><\/p>\n<p>Ne or\u00ebn 12:54 Denisa i shkruan Almes:<\/p>\n<p>Denisa: alma, u be virale video<\/p>\n<p>Alma: Mos ka dal fytyra ime?<\/p>\n<p>Denisa: po s\u2019e ke pare?<\/p>\n<p>Alma: Mos<\/p>\n<p>Denisa: e kane gjith\u00eb portalet<\/p>\n<p>Alma: Jo<\/p>\n<p>Alma: Obobobobo<\/p>\n<p>Denisa: e xhiruar mbi kompjuter, me 1 ekran te krisur te cepi kush mendon se e nxori?<\/p>\n<p>Alma: Abedini kush tjeter vec ai e mori Booo<\/p>\n<p>Denisa: Te kontaktoi me?<\/p>\n<p>Alma: E mora sot sma hapi<\/p>\n<p>Denisa: Ndrysho ngjyren e flokeve se identifikohesh te video qe kane sheprndare<\/p>\n<p>Alma: Uaaaaa dena cte bej tani Me ndihmo<\/p>\n<p>Alma: Ta shof sjep pamje dena, thon per arsye etike..<\/p>\n<p>Denisa: e kane Le gjithe alma eshte here virale<\/p>\n<p>Alma: Ta kishim dhene sa mir do ishte\u2026Dena flet dot 2 sek tel?<\/p>\n<p>Denisa: po. Mbyll rrjetet sociale dhe mos iu pergjigj asnje portali, asnje gazetari<\/p>\n<p>Alma: ok<\/p>\n<p>Vlen t\u00eb theksohet fakti se Alma Ka\u00e7i ka pretenduar se Abedin Oru\u00e7i, ish kryetar i qarkut Kuk\u00ebs, i ka marr\u00eb USB e filmimit me forc\u00eb. Por sipas SPAK kjo nuk \u00ebsht\u00eb konfirmuar.<\/p>\n<p>N\u00eb dosjen e SPAK, evideontohen dhe bisesda mes Alma Ka\u00e7it dhe nj\u00eb personi me emrin Abedin, (i cili dyshohet se \u00ebsht\u00eb Abedin Oru\u00e7i), ku flitet p\u00ebr nj\u00eb objekt t\u00eb cilin ai ka marr\u00eb nga autorja e filmimit.<\/p>\n<p>N\u00eb telefonin e Alma Ka\u00e7it, prokuroria ka gjetur nj\u00eb video t\u00eb krijuar n\u00eb dat\u00ebn 13 qershor 2023 me koh\u00ebzgjatje 2 minuta e 47 sekonda, ku e pandehura identifikohet si personi A dhe shtetasi me emrin Abedin si personi B.<\/p>\n<p>A: D\u00ebgjo mua me duhej patjeter ajo video<\/p>\n<p>B: A po mgjon mu o shok, do vi) video te q*** motren e videove me d\u00ebgjo mua<\/p>\n<p>A: o Abedin tani po flasim tamam per zotin me duhet patjeter<\/p>\n<p>A: Jo, Jo une nuk di kush e ka mare vesh tani se une jam e pambrojtur ate gje e dije vetem ti, une nuk e di kush e ka mare vesh per koke te djalit<\/p>\n<p>B: D\u00ebgjo mu ti ke fol me Sal\u00ebn vet<\/p>\n<p>A: Po Jo mo Jo, se skam fol fare une me Salen o Abedin, e ballafaqojm\u00eb skam pune une as me Sale as me nji o, une po te them vetem me ty, ca Sale<\/p>\n<p>N\u00eb nj\u00eb bised\u00eb t\u00eb dat\u00ebs 15 qershor 2023, Alma Ka\u00e7i, k\u00ebrkon s\u00ebrish materialin nga Abedini, pasi donte ta paraqiste n\u00eb nj\u00eb ambasad\u00eb p\u00ebr t\u00eb k\u00ebrkuar mbrojtje.<\/p>\n<p>A: Tani o Abedin po flasim tamam per kok\u00eb t\u00eb djalit, besoj se bashk\u00eb lidh\u00ebm besen, mua me duhet ajo karte, ta paraqes diku k\u00ebtu n\u00eb ambasad\u00eb<\/p>\n<p>B: E di si eshte problemi, un\u00eb nuk e kam m\u00eb po m\u00eb ra n\u00eb dor\u00eb<\/p>\n<p>A: Po o Abedin tani un\u00eb kart\u00ebn, o Abedin tani karten ti e mbajte mos m\u00eb thuaj sm\u00eb ka r\u00ebn\u00eb gj\u00eb n\u00eb dor\u00eb p\u00ebr kok\u00eb t\u00eb djalit.<\/p>\n<p>B: Po nuk e kam moj p\u00ebr kok\u00eb t\u00eb f\u00ebmij\u00ebve.<\/p>\n<p>Bisedat kan\u00eb vijuar edhe n\u00eb dat\u00ebn 16 qershor nd\u00ebrkoh\u00eb q\u00eb para publikimit t\u00eb videos, teksa komunikon me gazetar\u00ebt dhe kontaktet e saj, Alma K shpreh frik\u00eb p\u00ebr publikimin e materialit nga nj\u00eb person me emrin Abedin.<\/p>\n<p>\u201cE hetuara Alma ka njohje dhe komunikime me shtetasin Abedin Oru\u00e7i edhe para regjistrimit te videos ne zyren e kryebashkiakut, dhe bisedojne ne lidhje me marren e nj\u00eb sendi q\u00eb n\u00eb dat\u00eb 6 qershor 2023 por nuk permendin natyr\u00ebn e k\u00ebtij sendi.\u201d \u2013 thuhet n\u00eb dosje.<\/p>\n<p>Nga kqyrja e rrjeteve sociale, SPAK thot\u00eb se Alma Ka\u00e7i ka komunikuar me shtetasin me emrin Abedin Oru\u00e7i n\u00eb mesenger nga data 22 shtator 2022.<\/p>\n<p>Mes Safet Gjicit dhe Abedin Oru\u00e7it ka nj\u00eb p\u00ebrplasje t\u00eb vjet\u00ebr. Rreth 4 vite m\u00eb par\u00eb dy burrat ishin p\u00ebrfshir\u00eb n\u00eb nj\u00eb sherr, pasi Oru\u00e7i pretendoi se i kishte shlyer detyrimet ndaj bashkis\u00eb p\u00ebr nj\u00eb hotel q\u00eb kishte n\u00eb pron\u00ebsi, nd\u00ebrsa bashkia kishte konstatur nj\u00eb pjes\u00eb t\u00eb nd\u00ebrtimit t\u00eb paligjsh\u00ebm.<\/p>\n<p>Kur polic\u00ebt shkuan ta arrestojn\u00eb n\u00eb hotelin e tij n\u00eb Kuk\u00ebs n\u00eb vitin 2021, Abedin Oru\u00e7i u drejtoi arm\u00ebn efektiv\u00ebve, por pa i q\u00eblluar. Ai mundi t\u2019u shp\u00ebtoj\u00eb duke u arratisur. Dosja u mbyll disa vite m\u00eb pas.<\/p>\n<p>Nga 2015 deri n\u00eb 2019, Abedin Oru\u00e7i ka qen\u00eb drejtuesi i qarkut t\u00eb Kuk\u00ebsit, p\u00ebrfaq\u00ebsues i PDIU-s\u00eb. N\u00eb zgjedhjet vendore t\u00eb 2019, Oru\u00e7i ka qene rival me Gjicin p\u00ebr bashkin\u00eb e Kuk\u00ebsit n\u00ebn sigl\u00ebn e Bindjes Demokratike, nd\u00ebrsa n\u00eb 14 Maj ishte kandidat p\u00ebr bashkin\u00eb e Kuk\u00ebsit n\u00ebn sigl\u00ebn e Partis\u00eb p\u00ebr Europianizimin dhe Integrimin e Shqip\u00ebris\u00eb.<\/p>\n<p>Kujtojm\u00eb se SPAK b\u00ebri me dije se nga hetimet, rezultoi nj\u00eb bised\u00eb e zhvilluar mes Alma Ka\u00e7it dhe Safet Gjicit n\u00eb zyr\u00ebn e tij, ku Gjici pas favorit seksual, e drejtoi Alm\u00ebn te Granit Gjana, p\u00ebr t\u00eb folur mbi tenderin p\u00ebr strehimin e qen\u00ebve endacak\u00eb.<\/p>\n<p>N\u00eb banes\u00ebn e Ka\u00e7it u gjet nj\u00eb USB, q\u00eb p\u00ebrmbante filmimin bruto t\u00eb aktit seksual n\u00eb zyr\u00ebn e Bashkis\u00eb. Ka\u00e7i kur \u00ebsht\u00eb marr\u00eb b\u00eb pyetje \u00ebsht\u00eb shprehur se filmimin e ka b\u00ebr\u00eb n\u00eb kuad\u00ebr t\u00eb emisionit investigativ Fiks Fare, pasi sipas saj ishte gazetare e padeklaruar investigative n\u00eb FIKS FARE.<\/p>\n<p>N\u00eb telefonin e Ka\u00e7it, q\u00eb u sekuestrua n\u00eb kuad\u00ebr te hetimeve, u gjeten biseda mes saj dhe gazetar\u00ebve te FIKS FARE, ku Ka\u00e7i fliste p\u00ebr k\u00ebt\u00eb filmim. Sipas SPAK, filmimi u b\u00eb me vullnet t\u00eb plot\u00eb nga ana e Ka\u00e7it, p\u00ebr ta dokumentar.<\/p>\n","protected":false},"excerpt":{"rendered":"<p>N\u00eb bisedat e nxjerra nga SPAK nga \u201czb\u00ebrthimi\u201d i telefonit t\u00eb Alma Ka\u00e7it, shfaqet dhe nj\u00eb episod intersant, n\u00eb lidhje me hetimet p\u00ebr video-skandalin me ish-kryebashkiakun e Kuk\u00ebsit Safet Gjici. B\u00ebhet fjal\u00eb p\u00ebr nj\u00eb bised\u00eb mes Alma Ka\u00e7it me nj\u00eb shtetase t\u00eb identifikuar si Denisa, e cila dyshohet se \u00ebsht\u00eb nj\u00eb gazetare e emisionit investigativ [&hellip;]<\/p>\n","protected":false},"author":5,"featured_media":60761,"comment_status":"closed","ping_status":"closed","sticky":false,"template":"","format":"standard","meta":{"footnotes":""},"categories":[1,6332],"tags":[28422,28423,28424,28421],"class_list":{"0":"post-69416","1":"post","2":"type-post","3":"status-publish","4":"format-standard","5":"has-post-thumbnail","7":"category-aktualitet","8":"category-te-fundit","9":"tag-dalin-bisedat-e-nxjerra-nga-spak-mos","10":"tag-ka-dale-fytyra-ime","11":"tag-obobo","12":"tag-video-e-safetit-me-almen"},"_links":{"self":[{"href":"https:\/\/jugulajm.net\/index.php?rest_route=\/wp\/v2\/posts\/69416","targetHints":{"allow":["GET"]}}],"collection":[{"href":"https:\/\/jugulajm.net\/index.php?rest_route=\/wp\/v2\/posts"}],"about":[{"href":"https:\/\/jugulajm.net\/index.php?rest_route=\/wp\/v2\/types\/post"}],"author":[{"embeddable":true,"href":"https:\/\/jugulajm.net\/index.php?rest_route=\/wp\/v2\/users\/5"}],"replies":[{"embeddable":true,"href":"https:\/\/jugulajm.net\/index.php?rest_route=%2Fwp%2Fv2%2Fcomments&post=69416"}],"version-history":[{"count":0,"href":"https:\/\/jugulajm.net\/index.php?rest_route=\/wp\/v2\/posts\/69416\/revisions"}],"wp:featuredmedia":[{"embeddable":true,"href":"https:\/\/jugulajm.net\/index.php?rest_route=\/wp\/v2\/media\/60761"}],"wp:attachment":[{"href":"https:\/\/jugulajm.net\/index.php?rest_route=%2Fwp%2Fv2%2Fmedia&parent=69416"}],"wp:term":[{"taxonomy":"category","embeddable":true,"href":"https:\/\/jugulajm.net\/index.php?rest_route=%2Fwp%2Fv2%2Fcategories&post=69416"},{"taxonomy":"post_tag","embeddable":true,"href":"https:\/\/jugulajm.net\/index.php?rest_route=%2Fwp%2Fv2%2Ftags&post=69416"}],"curies":[{"name":"wp","href":"https:\/\/api.w.org\/{rel}","templated":true}]}}