{"id":69338,"date":"2023-12-20T20:25:46","date_gmt":"2023-12-20T19:25:46","guid":{"rendered":"https:\/\/jugulajm.net\/?p=69338"},"modified":"2023-12-20T20:27:56","modified_gmt":"2023-12-20T19:27:56","slug":"emrat-largohet-prefekti-i-fierit-ja-kush-e-zevendeson","status":"publish","type":"post","link":"https:\/\/jugulajm.net\/?p=69338","title":{"rendered":"EMRAT\/ Largohet prefekti i Fierit, ja kush e z\u00ebvend\u00ebson&#8230;"},"content":{"rendered":"<p>N\u00eb mbledhjen e K\u00ebshillit t\u00eb Ministrave dit\u00ebn e m\u00ebrkur\u00eb, \u00ebsht\u00eb marr\u00eb vendimi p\u00ebr lirimin nga detyra t\u00eb prefektit t\u00eb Qarkut t\u00eb Fierit Lefter Shehaj.<\/p>\n<p>Shehaj ishte em\u00ebruar n\u00eb detyr\u00ebn e Prefektit t\u00eb Qarkut t\u00eb Fierit n\u00eb 3 Dhjetor t\u00eb vitit 2021.<\/p>\n<p>N\u00eb vend t\u00eb tij \u00ebsht\u00eb em\u00ebruar Rajmonda Bilalaj.<\/p>\n<p>Rajmonda Bilalaj ka mbajtur postin e kryetares s\u00eb bashkis\u00eb s\u00eb Patosit q\u00eb nga viti 2011 deri maj 2023, kur postin e mori socialisti tjet\u00ebr Fation Duro.<\/p>\n<p><strong>V E N D I M<\/strong><\/p>\n<p>P\u00cbR<\/p>\n<p>LIRIMIN DHE EM\u00cbRIMIN N\u00cb DETYR\u00cb T\u00cb PREFEKTIT T\u00cb QARKUT T\u00cb FIERIT<\/p>\n<p>N\u00eb mb\u00ebshtetje t\u00eb neneve 100 e 114 t\u00eb Kushtetut\u00ebs dhe t\u00eb nenit 5, t\u00eb ligjit nr.107\/2016, \u201cP\u00ebr prefektin e qarkut\u201d, me propozimin e ministrit t\u00eb Brendsh\u00ebm, K\u00ebshilli i Ministrave<\/p>\n<p><em>V E N D O S I:<\/em><\/p>\n<p>Lefter Shehaj, prefekt i Qarkut t\u00eb Fierit, lirohet nga kjo detyr\u00eb.<\/p>\n<p>Znj. Rajmonda Balilaj em\u00ebrohet prefekt i Qarkut t\u00eb Fierit.<\/p>\n<p>Ky vendim hyn n\u00eb fuqi menj\u00ebher\u00eb dhe botohet n\u00eb \u201cFletoren zyrtare\u201d.<\/p>\n<p>K R Y E M I N I S T R I<\/p>\n<p>EDI RAMA<\/p>\n","protected":false},"excerpt":{"rendered":"<p>N\u00eb mbledhjen e K\u00ebshillit t\u00eb Ministrave dit\u00ebn e m\u00ebrkur\u00eb, \u00ebsht\u00eb marr\u00eb vendimi p\u00ebr lirimin nga detyra t\u00eb prefektit t\u00eb Qarkut t\u00eb Fierit Lefter Shehaj. Shehaj ishte em\u00ebruar n\u00eb detyr\u00ebn e Prefektit t\u00eb Qarkut t\u00eb Fierit n\u00eb 3 Dhjetor t\u00eb vitit 2021. N\u00eb vend t\u00eb tij \u00ebsht\u00eb em\u00ebruar Rajmonda Bilalaj. Rajmonda Bilalaj ka mbajtur postin e [&hellip;]<\/p>\n","protected":false},"author":5,"featured_media":69339,"comment_status":"closed","ping_status":"closed","sticky":false,"template":"","format":"standard","meta":{"footnotes":""},"categories":[6326,6332],"tags":[28382,27682],"class_list":{"0":"post-69338","1":"post","2":"type-post","3":"status-publish","4":"format-standard","5":"has-post-thumbnail","7":"category-politike","8":"category-te-fundit","9":"tag-emrat-largohet-prefekti-i-fierit","10":"tag-ja-kush-e-zevendeson"},"_links":{"self":[{"href":"https:\/\/jugulajm.net\/index.php?rest_route=\/wp\/v2\/posts\/69338","targetHints":{"allow":["GET"]}}],"collection":[{"href":"https:\/\/jugulajm.net\/index.php?rest_route=\/wp\/v2\/posts"}],"about":[{"href":"https:\/\/jugulajm.net\/index.php?rest_route=\/wp\/v2\/types\/post"}],"author":[{"embeddable":true,"href":"https:\/\/jugulajm.net\/index.php?rest_route=\/wp\/v2\/users\/5"}],"replies":[{"embeddable":true,"href":"https:\/\/jugulajm.net\/index.php?rest_route=%2Fwp%2Fv2%2Fcomments&post=69338"}],"version-history":[{"count":0,"href":"https:\/\/jugulajm.net\/index.php?rest_route=\/wp\/v2\/posts\/69338\/revisions"}],"wp:featuredmedia":[{"embeddable":true,"href":"https:\/\/jugulajm.net\/index.php?rest_route=\/wp\/v2\/media\/69339"}],"wp:attachment":[{"href":"https:\/\/jugulajm.net\/index.php?rest_route=%2Fwp%2Fv2%2Fmedia&parent=69338"}],"wp:term":[{"taxonomy":"category","embeddable":true,"href":"https:\/\/jugulajm.net\/index.php?rest_route=%2Fwp%2Fv2%2Fcategories&post=69338"},{"taxonomy":"post_tag","embeddable":true,"href":"https:\/\/jugulajm.net\/index.php?rest_route=%2Fwp%2Fv2%2Ftags&post=69338"}],"curies":[{"name":"wp","href":"https:\/\/api.w.org\/{rel}","templated":true}]}}