{"id":69335,"date":"2023-12-20T19:54:39","date_gmt":"2023-12-20T18:54:39","guid":{"rendered":"https:\/\/jugulajm.net\/?p=69335"},"modified":"2023-12-20T19:54:39","modified_gmt":"2023-12-20T18:54:39","slug":"ylli-i-kenges-italiane-rrefen-origjinen-e-saj-shqiptare-kam-jetuar-si","status":"publish","type":"post","link":"https:\/\/jugulajm.net\/?p=69335","title":{"rendered":"Ylli i k\u00ebng\u00ebs italiane rr\u00ebfen origjin\u00ebn e saj shqiptare: Kam jetuar si&#8230;"},"content":{"rendered":"<p>K\u00ebng\u00ebtarja me origjin\u00eb shqiptare q\u00eb e nisi karrier\u00ebn e saj n\u00eb Itali, Anna Oxa, ka treguar n\u00eb \u2018Domenica In\u2019 detaje nga jeta personale.<\/p>\n<p>Ajo shprehet se zhurma e qyteteve nuk i p\u00eblqen dhe p\u00ebr k\u00ebt\u00eb arsye \u00ebsht\u00eb zhvendosur me nj\u00eb banes\u00eb n\u00eb natyr\u00eb.<\/p>\n<div class=\"insertion-box\">\n<div class=\"\">\n<div id=\"t65833760bfed3\" data-p=\"100\">\n<div class=\"medianative\" data-reklama=\"Neptun Alfapress\"><\/div>\n<\/div>\n<\/div>\n<\/div>\n<p>\u201cJam n\u00eb mal, n\u00eb natyr\u00eb t\u00eb v\u00ebrtet\u00eb, e rrethuar me maja e pem\u00eb\u201d.<\/p>\n<p>Nj\u00eb zgjedhje q\u00eb prezantuesja Mara Venier e cil\u00ebsoi si drastike, por q\u00eb k\u00ebng\u00ebtarja e korrigjoi menj\u00ebher\u00eb:\u00a0\u201cNuk \u00ebsht\u00eb drastike, natyr\u00ebn e kam gjithmon\u00eb pran\u00eb, jetesa n\u00eb qytet \u00ebsht\u00eb b\u00ebr\u00eb e r\u00ebnd\u00eb, t\u00eb jetosh n\u00eb natyr\u00eb \u00ebsht\u00eb shum\u00eb m\u00eb e p\u00eblqyeshme p\u00ebr mua, natyra ka di\u00e7ka t\u00eb ve\u00e7ant\u00eb, nuk ke nevoj\u00eb t\u00eb thuash kush je, \u00e7far\u00eb b\u00ebn, natyra e di, dhe ti je i lir\u00eb ta perceptosh k\u00ebt\u00eb heshtje q\u00eb flet\u201d.<\/p>\n<p>Oxa ka treguar me krenari p\u00ebr origjin\u00ebn e saj shqiptare:<\/p>\n<p>\u201cAskush nuk e di q\u00eb kam lindur n\u00eb nj\u00eb familje n\u00eb Bari, n\u00ebna dhe babai im jan\u00eb shqiptar. Isha dhe jam shqiptare dhe \u00ebsht\u00eb nj\u00eb gj\u00eb e r\u00ebnd\u00ebsishme, sepse jeta intensive q\u00eb kisha ishte e nj\u00eb t\u00eb huaji n\u00eb Itali\u201d.<\/p>\n","protected":false},"excerpt":{"rendered":"<p>K\u00ebng\u00ebtarja me origjin\u00eb shqiptare q\u00eb e nisi karrier\u00ebn e saj n\u00eb Itali, Anna Oxa, ka treguar n\u00eb \u2018Domenica In\u2019 detaje nga jeta personale. Ajo shprehet se zhurma e qyteteve nuk i p\u00eblqen dhe p\u00ebr k\u00ebt\u00eb arsye \u00ebsht\u00eb zhvendosur me nj\u00eb banes\u00eb n\u00eb natyr\u00eb. \u201cJam n\u00eb mal, n\u00eb natyr\u00eb t\u00eb v\u00ebrtet\u00eb, e rrethuar me maja e [&hellip;]<\/p>\n","protected":false},"author":5,"featured_media":69336,"comment_status":"closed","ping_status":"closed","sticky":false,"template":"","format":"standard","meta":{"footnotes":""},"categories":[7665,6332],"tags":[28381],"class_list":{"0":"post-69335","1":"post","2":"type-post","3":"status-publish","4":"format-standard","5":"has-post-thumbnail","7":"category-art","8":"category-te-fundit","9":"tag-ylli-i-kenges-italiane-rrefen-origjinen-e-saj-shqiptare-kam-jetuar-si"},"_links":{"self":[{"href":"https:\/\/jugulajm.net\/index.php?rest_route=\/wp\/v2\/posts\/69335","targetHints":{"allow":["GET"]}}],"collection":[{"href":"https:\/\/jugulajm.net\/index.php?rest_route=\/wp\/v2\/posts"}],"about":[{"href":"https:\/\/jugulajm.net\/index.php?rest_route=\/wp\/v2\/types\/post"}],"author":[{"embeddable":true,"href":"https:\/\/jugulajm.net\/index.php?rest_route=\/wp\/v2\/users\/5"}],"replies":[{"embeddable":true,"href":"https:\/\/jugulajm.net\/index.php?rest_route=%2Fwp%2Fv2%2Fcomments&post=69335"}],"version-history":[{"count":0,"href":"https:\/\/jugulajm.net\/index.php?rest_route=\/wp\/v2\/posts\/69335\/revisions"}],"wp:featuredmedia":[{"embeddable":true,"href":"https:\/\/jugulajm.net\/index.php?rest_route=\/wp\/v2\/media\/69336"}],"wp:attachment":[{"href":"https:\/\/jugulajm.net\/index.php?rest_route=%2Fwp%2Fv2%2Fmedia&parent=69335"}],"wp:term":[{"taxonomy":"category","embeddable":true,"href":"https:\/\/jugulajm.net\/index.php?rest_route=%2Fwp%2Fv2%2Fcategories&post=69335"},{"taxonomy":"post_tag","embeddable":true,"href":"https:\/\/jugulajm.net\/index.php?rest_route=%2Fwp%2Fv2%2Ftags&post=69335"}],"curies":[{"name":"wp","href":"https:\/\/api.w.org\/{rel}","templated":true}]}}