{"id":69315,"date":"2023-12-20T11:16:53","date_gmt":"2023-12-20T10:16:53","guid":{"rendered":"https:\/\/jugulajm.net\/?p=69315"},"modified":"2023-12-20T11:18:05","modified_gmt":"2023-12-20T10:18:05","slug":"emri-kalon-vetting-un-dhe-konfirmohet-ne-detyre-drejtori-i-kufirit-te-gjirokastres","status":"publish","type":"post","link":"https:\/\/jugulajm.net\/?p=69315","title":{"rendered":"EMRI\/ Kalon vetting-un dhe konfirmohet n\u00eb detyr\u00eb Drejtori i Kufirit t\u00eb Gjirokastr\u00ebs"},"content":{"rendered":"<p>Ndue Do\u00e7i, Drejtori i Drejtoris\u00eb Vendore t\u00eb Kufirit dhe Migracionit n\u00eb Gjirokast\u00ebr, doli k\u00ebt\u00eb t\u00eb m\u00ebrkur\u00eb para trup\u00ebs vler\u00ebsuese p\u00ebr procesin e vettingut.<\/p>\n<p>Do\u00e7i kaloi t\u00eb treja kriteret, at\u00eb t\u00eb pasuris\u00eb, aft\u00ebsis\u00eb dhe past\u00ebrtis\u00eb s\u00eb figures.<\/p>\n<p>Si rrjedhoj\u00eb, drejtori i Kufirit t\u00eb Gjirokastr\u00ebs u konfirmua n\u00eb detyr\u00eb.<\/p>\n<p>Trupa e Vler\u00ebsimit p\u00ebrb\u00ebhej Suela Bulku, e cila ishte Kryesuese, nga relatori Arben Sefaj dhe an\u00ebtarja Denisa Sina.<\/p>\n","protected":false},"excerpt":{"rendered":"<p>Ndue Do\u00e7i, Drejtori i Drejtoris\u00eb Vendore t\u00eb Kufirit dhe Migracionit n\u00eb Gjirokast\u00ebr, doli k\u00ebt\u00eb t\u00eb m\u00ebrkur\u00eb para trup\u00ebs vler\u00ebsuese p\u00ebr procesin e vettingut. Do\u00e7i kaloi t\u00eb treja kriteret, at\u00eb t\u00eb pasuris\u00eb, aft\u00ebsis\u00eb dhe past\u00ebrtis\u00eb s\u00eb figures. Si rrjedhoj\u00eb, drejtori i Kufirit t\u00eb Gjirokastr\u00ebs u konfirmua n\u00eb detyr\u00eb. Trupa e Vler\u00ebsimit p\u00ebrb\u00ebhej Suela Bulku, e cila [&hellip;]<\/p>\n","protected":false},"author":5,"featured_media":51910,"comment_status":"closed","ping_status":"closed","sticky":false,"template":"","format":"standard","meta":{"footnotes":""},"categories":[1,6332],"tags":[28366],"class_list":{"0":"post-69315","1":"post","2":"type-post","3":"status-publish","4":"format-standard","5":"has-post-thumbnail","7":"category-aktualitet","8":"category-te-fundit","9":"tag-emri-kalon-vetting-un-dhe-konfirmohet-ne-detyre-drejtori-i-kufirit-te-gjirokastres"},"_links":{"self":[{"href":"https:\/\/jugulajm.net\/index.php?rest_route=\/wp\/v2\/posts\/69315","targetHints":{"allow":["GET"]}}],"collection":[{"href":"https:\/\/jugulajm.net\/index.php?rest_route=\/wp\/v2\/posts"}],"about":[{"href":"https:\/\/jugulajm.net\/index.php?rest_route=\/wp\/v2\/types\/post"}],"author":[{"embeddable":true,"href":"https:\/\/jugulajm.net\/index.php?rest_route=\/wp\/v2\/users\/5"}],"replies":[{"embeddable":true,"href":"https:\/\/jugulajm.net\/index.php?rest_route=%2Fwp%2Fv2%2Fcomments&post=69315"}],"version-history":[{"count":0,"href":"https:\/\/jugulajm.net\/index.php?rest_route=\/wp\/v2\/posts\/69315\/revisions"}],"wp:featuredmedia":[{"embeddable":true,"href":"https:\/\/jugulajm.net\/index.php?rest_route=\/wp\/v2\/media\/51910"}],"wp:attachment":[{"href":"https:\/\/jugulajm.net\/index.php?rest_route=%2Fwp%2Fv2%2Fmedia&parent=69315"}],"wp:term":[{"taxonomy":"category","embeddable":true,"href":"https:\/\/jugulajm.net\/index.php?rest_route=%2Fwp%2Fv2%2Fcategories&post=69315"},{"taxonomy":"post_tag","embeddable":true,"href":"https:\/\/jugulajm.net\/index.php?rest_route=%2Fwp%2Fv2%2Ftags&post=69315"}],"curies":[{"name":"wp","href":"https:\/\/api.w.org\/{rel}","templated":true}]}}