{"id":69301,"date":"2023-12-19T21:37:11","date_gmt":"2023-12-19T20:37:11","guid":{"rendered":"https:\/\/jugulajm.net\/?p=69301"},"modified":"2023-12-19T21:37:11","modified_gmt":"2023-12-19T20:37:11","slug":"emri-foto-shqiptari-shpallet-kampion-i-austrise-ne-boks-u-ndesh-koke-me-koke-me-boksierin-turk","status":"publish","type":"post","link":"https:\/\/jugulajm.net\/?p=69301","title":{"rendered":"EMRI-FOTO\/ Shqiptari shpallet kampion i Austris\u00eb n\u00eb boks, u ndesh \u201ckok\u00eb m\u00eb kok\u00eb\u201d me boksierin turk"},"content":{"rendered":"<p>Boksieri profesionist, Diell Vranoci \u00ebsht\u00eb shpallur kampion i Austris\u00eb.<\/p>\n<p>Ai u ndesh kund\u00ebr turkut, Anil Ozdemir. Ky i fundit e goditi me kok\u00eb, edhe pse Dielli ishte n\u00eb avantazh, fitoren ia dhan\u00eb Anilit.<\/p>\n<p>Si pasoj\u00eb, menaxheri i tij b\u00ebri k\u00ebrkes\u00eb p\u00ebr nj\u00eb rishqyrtim t\u00eb ndeshjes dhe fitorja padyshim i kaloi Diellit.<\/p>\n<p>N\u00eb nj\u00eb lidhje me Skype p\u00ebr \u201cABC e M\u00ebngjesit\u201d, i riu ka treguar t\u00eb gjitha detajet, duke zbuluar se do t\u00eb ket\u00eb nj\u00eb ndeshje kthimi.<\/p>\n<p><em>\u201cMenaxheri ka b\u00ebr\u00eb dit\u00ebn tjet\u00ebr ankes\u00eb menjehr\u00eb q\u00eb ka qene \u00e7arje. Ata e kan\u00eb shqyrtuar se ka qene goditje me kok\u00eb dhe kan\u00eb marr\u00eb vendimin.<\/em><\/p>\n<p><em>Un\u00eb e kam udh\u00ebhequr gjasht\u00eb raunde ndeshje. Nd\u00ebrkoh\u00eb, p\u00ebrgjigja m\u00eb erdhi pas pes\u00eb dit\u00ebsh. Rripin ma ka sjell menaxheri. Ne kemi qene duke festuar festat e fundvitit dhe ai ma ka b\u00ebr\u00eb befasi, kur ka ardhur dhe ma ka dh\u00ebn\u00eb.<\/em><\/p>\n<p><em>Un\u00eb jam gati dhe p\u00ebr nj\u00eb ndeshje kthimi, kur t\u00eb duan ata\u201d,<\/em>\u00a0u shpreh Dielli.<\/p>\n","protected":false},"excerpt":{"rendered":"<p>Boksieri profesionist, Diell Vranoci \u00ebsht\u00eb shpallur kampion i Austris\u00eb. Ai u ndesh kund\u00ebr turkut, Anil Ozdemir. Ky i fundit e goditi me kok\u00eb, edhe pse Dielli ishte n\u00eb avantazh, fitoren ia dhan\u00eb Anilit. Si pasoj\u00eb, menaxheri i tij b\u00ebri k\u00ebrkes\u00eb p\u00ebr nj\u00eb rishqyrtim t\u00eb ndeshjes dhe fitorja padyshim i kaloi Diellit. N\u00eb nj\u00eb lidhje me [&hellip;]<\/p>\n","protected":false},"author":5,"featured_media":69302,"comment_status":"closed","ping_status":"closed","sticky":false,"template":"","format":"standard","meta":{"footnotes":""},"categories":[6334,6332],"tags":[28360,28361],"class_list":{"0":"post-69301","1":"post","2":"type-post","3":"status-publish","4":"format-standard","5":"has-post-thumbnail","7":"category-sport","8":"category-te-fundit","9":"tag-emri-foto-shqiptari-shpallet-kampion-i-austrise-ne-boks","10":"tag-u-ndesh-koke-me-koke-me-boksierin-turk"},"_links":{"self":[{"href":"https:\/\/jugulajm.net\/index.php?rest_route=\/wp\/v2\/posts\/69301","targetHints":{"allow":["GET"]}}],"collection":[{"href":"https:\/\/jugulajm.net\/index.php?rest_route=\/wp\/v2\/posts"}],"about":[{"href":"https:\/\/jugulajm.net\/index.php?rest_route=\/wp\/v2\/types\/post"}],"author":[{"embeddable":true,"href":"https:\/\/jugulajm.net\/index.php?rest_route=\/wp\/v2\/users\/5"}],"replies":[{"embeddable":true,"href":"https:\/\/jugulajm.net\/index.php?rest_route=%2Fwp%2Fv2%2Fcomments&post=69301"}],"version-history":[{"count":0,"href":"https:\/\/jugulajm.net\/index.php?rest_route=\/wp\/v2\/posts\/69301\/revisions"}],"wp:featuredmedia":[{"embeddable":true,"href":"https:\/\/jugulajm.net\/index.php?rest_route=\/wp\/v2\/media\/69302"}],"wp:attachment":[{"href":"https:\/\/jugulajm.net\/index.php?rest_route=%2Fwp%2Fv2%2Fmedia&parent=69301"}],"wp:term":[{"taxonomy":"category","embeddable":true,"href":"https:\/\/jugulajm.net\/index.php?rest_route=%2Fwp%2Fv2%2Fcategories&post=69301"},{"taxonomy":"post_tag","embeddable":true,"href":"https:\/\/jugulajm.net\/index.php?rest_route=%2Fwp%2Fv2%2Ftags&post=69301"}],"curies":[{"name":"wp","href":"https:\/\/api.w.org\/{rel}","templated":true}]}}