{"id":69297,"date":"2023-12-19T19:19:57","date_gmt":"2023-12-19T18:19:57","guid":{"rendered":"https:\/\/jugulajm.net\/?p=69297"},"modified":"2023-12-19T19:19:57","modified_gmt":"2023-12-19T18:19:57","slug":"emrat-dergohen-ne-burgun-e-fierit-te-burgosurit-vip-ja-arsyeja","status":"publish","type":"post","link":"https:\/\/jugulajm.net\/?p=69297","title":{"rendered":"EMRAT\/ D\u00ebrgohen n\u00eb burgun e Fierit t\u00eb burgosurit \u2018&#8217;VIP&#8217;\u2019, ja arsyeja&#8230;"},"content":{"rendered":"<p>Pas ngjarjes n\u00eb burgun e siguris\u00eb s\u00eb lart\u00eb n\u00eb Peqin, ku Arben Lleshi u vra nga i d\u00ebnuari tjet\u00ebr Sokol Mjacaj, Drejtoria e P\u00ebrgjithshme e Burgjeve ka hartuar disa ndryshime n\u00eb organizimin e sektor\u00ebve n\u00eb qelit\u00eb e vuajtjes s\u00eb d\u00ebnimit.<\/p>\n<p>Ndryshimet konsistojn\u00eb n\u00eb rritjen e siguris\u00eb n\u00eb k\u00ebto ambiente, dhe p\u00ebr t\u00eb shmangur t\u00eb d\u00ebnuarit n\u00eb konflikt interesi.<\/p>\n<p>N\u00eb burgun e Fierit, \u00ebsht\u00eb caktuar nj\u00eb sektor i posa\u00e7\u00ebm, ku do t\u00eb q\u00ebndrojn\u00eb ish-zyrtar\u00ebt e shtetit, t\u00eb p\u00ebrfshir\u00eb n\u00eb afera korrupsioni, apo shp\u00ebrdorimi detyre.<\/p>\n<p>Pas miratimit t\u00eb ndryshimeve 10 ish-zyrtar\u00eb u transferuan n\u00eb burgu i Fierit, pran\u00eb k\u00ebtyre ambienteve.<\/p>\n<p>B\u00ebhet fjal\u00eb p\u00ebr ish-ministrin Lefter Koka, ish-deputetin Alqi Bllako, por edhe ish-kryebashkiak\u00ebt Vangjush Dako, Fran Tu\u00e7i, Lefter Alla, Safet Gjici dhe kryebashkiaku i zgjedhur i Himar\u00ebs, Fredi Beleri. N\u00eb list\u00ebn e 10 t\u00eb pandehurve t\u00eb transferuar n\u00eb paraburgimin e Fierit jan\u00eb dhe ish-zyrtar\u00ebt e drejt\u00ebsis\u00eb dhe policis\u00eb, Oltion Bistri, Dedan Gjoni dhe ish-prokurori Xhevahir Lita.<\/p>\n<p>Nj\u00eb ndryshim rr\u00ebnj\u00ebsor \u00ebsht\u00eb edhe funksionimi i regjimit t\u00eb posa\u00e7\u00ebm 41-bis.<\/p>\n<p>Ndon\u00ebse m\u00eb her\u00ebt kishte qeli 41-bis vet\u00ebm tek burgu 313 tashm\u00eb do t\u00eb ket\u00eb edhe n\u00eb burgjet e tjera.<\/p>\n<p>Regjim t\u00eb rrept\u00eb ndaj t\u00eb tyre do t\u00eb ket\u00eb n\u00eb burgun e Fierit dhe t\u00eb Peqinit.<\/p>\n<p>Sektori q\u00eb deri m\u00eb tani ka funksionuar p\u00ebr regjimin 41 bis, tashm\u00eb \u00ebsht\u00eb liruar dhe aty jan\u00eb vendosur t\u00eb gjith\u00eb t\u00eb penduarit e drejt\u00ebsis\u00eb.<\/p>\n<p>P\u00ebr momentin pran\u00eb burgut 313 nuk do t\u00eb ket\u00eb regjim 41-bis, deri n\u00eb nj\u00eb urdh\u00ebr t\u00eb dyt\u00eb.<\/p>\n","protected":false},"excerpt":{"rendered":"<p>Pas ngjarjes n\u00eb burgun e siguris\u00eb s\u00eb lart\u00eb n\u00eb Peqin, ku Arben Lleshi u vra nga i d\u00ebnuari tjet\u00ebr Sokol Mjacaj, Drejtoria e P\u00ebrgjithshme e Burgjeve ka hartuar disa ndryshime n\u00eb organizimin e sektor\u00ebve n\u00eb qelit\u00eb e vuajtjes s\u00eb d\u00ebnimit. Ndryshimet konsistojn\u00eb n\u00eb rritjen e siguris\u00eb n\u00eb k\u00ebto ambiente, dhe p\u00ebr t\u00eb shmangur t\u00eb d\u00ebnuarit [&hellip;]<\/p>\n","protected":false},"author":5,"featured_media":47349,"comment_status":"closed","ping_status":"closed","sticky":false,"template":"","format":"standard","meta":{"footnotes":""},"categories":[1,6332],"tags":[28356,20856],"class_list":{"0":"post-69297","1":"post","2":"type-post","3":"status-publish","4":"format-standard","5":"has-post-thumbnail","7":"category-aktualitet","8":"category-te-fundit","9":"tag-emrat-dergohen-ne-burgun-e-fierit-te-burgosurit-vip","10":"tag-ja-arsyeja"},"_links":{"self":[{"href":"https:\/\/jugulajm.net\/index.php?rest_route=\/wp\/v2\/posts\/69297","targetHints":{"allow":["GET"]}}],"collection":[{"href":"https:\/\/jugulajm.net\/index.php?rest_route=\/wp\/v2\/posts"}],"about":[{"href":"https:\/\/jugulajm.net\/index.php?rest_route=\/wp\/v2\/types\/post"}],"author":[{"embeddable":true,"href":"https:\/\/jugulajm.net\/index.php?rest_route=\/wp\/v2\/users\/5"}],"replies":[{"embeddable":true,"href":"https:\/\/jugulajm.net\/index.php?rest_route=%2Fwp%2Fv2%2Fcomments&post=69297"}],"version-history":[{"count":0,"href":"https:\/\/jugulajm.net\/index.php?rest_route=\/wp\/v2\/posts\/69297\/revisions"}],"wp:featuredmedia":[{"embeddable":true,"href":"https:\/\/jugulajm.net\/index.php?rest_route=\/wp\/v2\/media\/47349"}],"wp:attachment":[{"href":"https:\/\/jugulajm.net\/index.php?rest_route=%2Fwp%2Fv2%2Fmedia&parent=69297"}],"wp:term":[{"taxonomy":"category","embeddable":true,"href":"https:\/\/jugulajm.net\/index.php?rest_route=%2Fwp%2Fv2%2Fcategories&post=69297"},{"taxonomy":"post_tag","embeddable":true,"href":"https:\/\/jugulajm.net\/index.php?rest_route=%2Fwp%2Fv2%2Ftags&post=69297"}],"curies":[{"name":"wp","href":"https:\/\/api.w.org\/{rel}","templated":true}]}}