{"id":69261,"date":"2023-12-19T08:57:41","date_gmt":"2023-12-19T07:57:41","guid":{"rendered":"https:\/\/jugulajm.net\/?p=69261"},"modified":"2023-12-19T08:57:41","modified_gmt":"2023-12-19T07:57:41","slug":"greqi-49-vjecari-shqiptar-i-jep-fund-jetes-me-arme-gjahu-pas-debatit-me-ish-gruan","status":"publish","type":"post","link":"https:\/\/jugulajm.net\/?p=69261","title":{"rendered":"Greqi\/ 49-vje\u00e7ari shqiptar i jep fund jet\u00ebs me arm\u00eb gjahu, pas debatit me ish-gruan"},"content":{"rendered":"<p>Nj\u00eb 49-vje\u00e7ar shqiptar i ka dh\u00ebn\u00eb fund jet\u00ebs n\u00eb m\u00ebnyr\u00eb tragjike duke u vet\u00ebvrar\u00eb me arm\u00eb zjarri n\u00eb banes\u00ebn e tij n\u00eb Greqi.<\/p>\n<p>Sipas\u00a0<a href=\"https:\/\/best-tv.gr\/sok-sto-kalo-nero-49chronos-aytoktonise-me-kynigetiko-oplo\/\">mediave greke<\/a>\u00a0ngjarja ka ndodhur pas nj\u00eb debati q\u00eb shqiptari ka pasur me ish-gruan q\u00eb ishte divorcuar s\u00eb fundmi dhe\u00a0me t\u00eb cil\u00ebn ka dy f\u00ebmij\u00eb.<\/p>\n<p>Gruaja q\u00eb jeton n\u00eb zon\u00ebn e Kalos Neros, punonte bashk\u00eb me pun\u00ebtor\u00eb t\u00eb tjer\u00eb n\u00eb vjeljen e ullirit n\u00eb nj\u00eb zon\u00eb rurale.<\/p>\n<p>Ai i ka k\u00ebrkuar t\u00eb flas\u00eb, por ajo ka refuzuar, pas k\u00ebsaj 49-vje\u00e7ari \u00ebsht\u00eb larguar dhe rreth or\u00ebs 12 t\u00eb mesdit\u00ebs ka ndodhur ngjarja fatale.<\/p>\n<p>Sipas autoriteteve, 49-vje\u00e7ari ka shkuar n\u00eb nj\u00eb ferm\u00eb ngjitur me ullinj, ka kthyer arm\u00ebn drejt vetes dhe e ka shkrepur vetes, duke gjetur menj\u00ebher\u00eb vdekjen.<\/p>\n<p>Trupi i tij u gjet nga policia n\u00eb nj\u00eb ferm\u00eb ngjitur, rreth 100 metra larg vendit, ku gruaja e tij e larguar, s\u00eb bashku me persona t\u00eb tjer\u00eb, po mblidhte ullinj.<\/p>\n","protected":false},"excerpt":{"rendered":"<p>Nj\u00eb 49-vje\u00e7ar shqiptar i ka dh\u00ebn\u00eb fund jet\u00ebs n\u00eb m\u00ebnyr\u00eb tragjike duke u vet\u00ebvrar\u00eb me arm\u00eb zjarri n\u00eb banes\u00ebn e tij n\u00eb Greqi. Sipas\u00a0mediave greke\u00a0ngjarja ka ndodhur pas nj\u00eb debati q\u00eb shqiptari ka pasur me ish-gruan q\u00eb ishte divorcuar s\u00eb fundmi dhe\u00a0me t\u00eb cil\u00ebn ka dy f\u00ebmij\u00eb. Gruaja q\u00eb jeton n\u00eb zon\u00ebn e Kalos Neros, [&hellip;]<\/p>\n","protected":false},"author":5,"featured_media":56952,"comment_status":"closed","ping_status":"closed","sticky":false,"template":"","format":"standard","meta":{"footnotes":""},"categories":[1,6332],"tags":[28342,28343],"class_list":{"0":"post-69261","1":"post","2":"type-post","3":"status-publish","4":"format-standard","5":"has-post-thumbnail","7":"category-aktualitet","8":"category-te-fundit","9":"tag-greqi-49-vjecari-shqiptar-i-jep-fund-jetes-me-arme-gjahu","10":"tag-pas-debatit-me-ish-gruan"},"_links":{"self":[{"href":"https:\/\/jugulajm.net\/index.php?rest_route=\/wp\/v2\/posts\/69261","targetHints":{"allow":["GET"]}}],"collection":[{"href":"https:\/\/jugulajm.net\/index.php?rest_route=\/wp\/v2\/posts"}],"about":[{"href":"https:\/\/jugulajm.net\/index.php?rest_route=\/wp\/v2\/types\/post"}],"author":[{"embeddable":true,"href":"https:\/\/jugulajm.net\/index.php?rest_route=\/wp\/v2\/users\/5"}],"replies":[{"embeddable":true,"href":"https:\/\/jugulajm.net\/index.php?rest_route=%2Fwp%2Fv2%2Fcomments&post=69261"}],"version-history":[{"count":0,"href":"https:\/\/jugulajm.net\/index.php?rest_route=\/wp\/v2\/posts\/69261\/revisions"}],"wp:featuredmedia":[{"embeddable":true,"href":"https:\/\/jugulajm.net\/index.php?rest_route=\/wp\/v2\/media\/56952"}],"wp:attachment":[{"href":"https:\/\/jugulajm.net\/index.php?rest_route=%2Fwp%2Fv2%2Fmedia&parent=69261"}],"wp:term":[{"taxonomy":"category","embeddable":true,"href":"https:\/\/jugulajm.net\/index.php?rest_route=%2Fwp%2Fv2%2Fcategories&post=69261"},{"taxonomy":"post_tag","embeddable":true,"href":"https:\/\/jugulajm.net\/index.php?rest_route=%2Fwp%2Fv2%2Ftags&post=69261"}],"curies":[{"name":"wp","href":"https:\/\/api.w.org\/{rel}","templated":true}]}}