{"id":69256,"date":"2023-12-18T22:30:21","date_gmt":"2023-12-18T21:30:21","guid":{"rendered":"https:\/\/jugulajm.net\/?p=69256"},"modified":"2023-12-18T22:30:21","modified_gmt":"2023-12-18T21:30:21","slug":"itali-28-vjecari-shqiptar-kercenon-me-thike-bashkejetuesen-dhe-merr-vajzen-1-vjecare","status":"publish","type":"post","link":"https:\/\/jugulajm.net\/?p=69256","title":{"rendered":"Itali, 28-vje\u00e7ari shqiptar k\u00ebrc\u00ebnon me thik\u00eb bashk\u00ebjetuesen dhe merr vajz\u00ebn 1-vje\u00e7are"},"content":{"rendered":"<p>Nj\u00eb ngjarje e paprecedent\u00eb ka ndodhur mbr\u00ebmjen e djeshme n\u00eb Santa Maria Capua Vetere t\u00eb Italis\u00eb.<\/p>\n<p>N\u00eb mes t\u00eb nat\u00ebs, pas nj\u00eb debati p\u00ebr motive t\u00eb dob\u00ebta, nj\u00eb 28-vje\u00e7ar shqiptar ka goditur me grushte dhe shuplak\u00eb n\u00eb fytyr\u00eb bashk\u00ebjetuesen e tij 38-vje\u00e7are dhe pasi e ka k\u00ebrc\u00ebnuar me thik\u00eb \u00ebsht\u00eb larguar me makin\u00ebn e tij duke marr\u00eb me vete edhe vajz\u00ebn e tij nj\u00eb vje\u00e7.<\/p>\n<p>Sipas mediave italiane, 28-vje\u00e7ari para se t\u00eb dilte nga banesa e k\u00ebrc\u00ebnoi gruan se do ta merrte vajz\u00ebn e tyre t\u00eb vog\u00ebl n\u00eb Shqip\u00ebri dhe se nuk do ta shihte m\u00eb.<\/p>\n<p>Pas ngjarjes, \u00ebsht\u00eb aktivizuar menj\u00ebher\u00eb patrulla e Nj\u00ebsis\u00eb Operacionale Lokale dhe Radio Mobile.<\/p>\n<p>Me t\u00eb mb\u00ebrritur n\u00eb banes\u00ebn e tyre, polic\u00ebt kan\u00eb k\u00ebrkuar nd\u00ebrhyrjen e personelit mjek\u00ebsor t\u00eb sh\u00ebrbimit \u201c118\u201d, t\u00eb cil\u00ebt i kan\u00eb ofruar kujdesin e nevojsh\u00ebm viktim\u00ebs.<\/p>\n<p>Nd\u00ebrkoh\u00eb, nga k\u00ebrkimet burri dhe vajza 1-vje\u00e7are jan\u00eb gjetur n\u00eb banes\u00ebn e nj\u00eb t\u00eb af\u00ebrmi t\u00eb tyre.<\/p>\n<p>28-vje\u00e7ari, i cili ishte arrestuar dhe nj\u00ebher\u00eb n\u00eb 2020 p\u00ebr kryerjen e sjelljeve t\u00eb ngjashme, u vu menj\u00ebher\u00eb n\u00eb pranga dhe u mbyll n\u00eb burgun e Santa Maria Capua Vetere.<\/p>\n","protected":false},"excerpt":{"rendered":"<p>Nj\u00eb ngjarje e paprecedent\u00eb ka ndodhur mbr\u00ebmjen e djeshme n\u00eb Santa Maria Capua Vetere t\u00eb Italis\u00eb. N\u00eb mes t\u00eb nat\u00ebs, pas nj\u00eb debati p\u00ebr motive t\u00eb dob\u00ebta, nj\u00eb 28-vje\u00e7ar shqiptar ka goditur me grushte dhe shuplak\u00eb n\u00eb fytyr\u00eb bashk\u00ebjetuesen e tij 38-vje\u00e7are dhe pasi e ka k\u00ebrc\u00ebnuar me thik\u00eb \u00ebsht\u00eb larguar me makin\u00ebn e tij [&hellip;]<\/p>\n","protected":false},"author":5,"featured_media":0,"comment_status":"closed","ping_status":"closed","sticky":false,"template":"","format":"standard","meta":{"footnotes":""},"categories":[1,6332],"tags":[28340,26133],"class_list":{"0":"post-69256","1":"post","2":"type-post","3":"status-publish","4":"format-standard","6":"category-aktualitet","7":"category-te-fundit","8":"tag-28-vjecari-shqiptar-kercenon-me-thike-bashkejetuesen-dhe-merr-vajzen-1-vjecare","9":"tag-itali"},"_links":{"self":[{"href":"https:\/\/jugulajm.net\/index.php?rest_route=\/wp\/v2\/posts\/69256","targetHints":{"allow":["GET"]}}],"collection":[{"href":"https:\/\/jugulajm.net\/index.php?rest_route=\/wp\/v2\/posts"}],"about":[{"href":"https:\/\/jugulajm.net\/index.php?rest_route=\/wp\/v2\/types\/post"}],"author":[{"embeddable":true,"href":"https:\/\/jugulajm.net\/index.php?rest_route=\/wp\/v2\/users\/5"}],"replies":[{"embeddable":true,"href":"https:\/\/jugulajm.net\/index.php?rest_route=%2Fwp%2Fv2%2Fcomments&post=69256"}],"version-history":[{"count":0,"href":"https:\/\/jugulajm.net\/index.php?rest_route=\/wp\/v2\/posts\/69256\/revisions"}],"wp:attachment":[{"href":"https:\/\/jugulajm.net\/index.php?rest_route=%2Fwp%2Fv2%2Fmedia&parent=69256"}],"wp:term":[{"taxonomy":"category","embeddable":true,"href":"https:\/\/jugulajm.net\/index.php?rest_route=%2Fwp%2Fv2%2Fcategories&post=69256"},{"taxonomy":"post_tag","embeddable":true,"href":"https:\/\/jugulajm.net\/index.php?rest_route=%2Fwp%2Fv2%2Ftags&post=69256"}],"curies":[{"name":"wp","href":"https:\/\/api.w.org\/{rel}","templated":true}]}}