{"id":69253,"date":"2023-12-18T21:14:21","date_gmt":"2023-12-18T20:14:21","guid":{"rendered":"https:\/\/jugulajm.net\/?p=69253"},"modified":"2023-12-18T21:14:21","modified_gmt":"2023-12-18T20:14:21","slug":"emrat-fotot-gjermani-vrau-me-thike-gruan-e-tij-ja-sa-denohet-shqiptari-37-vjecar","status":"publish","type":"post","link":"https:\/\/jugulajm.net\/?p=69253","title":{"rendered":"EMRAT-FOTOT\/ Gjermani, vrau me thik\u00eb gruan e tij, ja sa d\u00ebnohet shqiptari 37-vje\u00e7ar&#8230;"},"content":{"rendered":"<p>Besmir Ademi, 37-vje\u00e7ari shqiptar i cili vrau gruan me thik\u00eb dhe m\u00eb pas e filmoi \u00ebsht\u00eb d\u00ebnuar me burgim t\u00eb p\u00ebrjetsh\u00ebm n\u00eb Gjermani.<\/p>\n<p>Mediat gjermane shkruajn\u00eb se n\u00eb aktgjykim, gjykata vuri n\u00eb dukje pesh\u00ebn e r\u00ebnd\u00eb t\u00eb fajit t\u00eb t\u00eb pandehurit.<\/p>\n<p>Edhe pse kjo lejon ligj\u00ebrisht lirimin nga burgu pas 15 vitesh, n\u00eb praktik\u00eb \u00ebsht\u00eb pothuajse e pamundur. Aktgjykimi nuk \u00ebsht\u00eb p\u00ebrfundimtar.<\/p>\n<p>N\u00eb dit\u00ebn e par\u00eb t\u00eb gjyqit, shqiptari, i cili nuk donte t\u00eb pranonte ndarjen nga gruaja, ka rr\u00ebfyer se ka vrar\u00eb Jetmira Beka 28-vje\u00e7e.<\/p>\n<p>\u201cF\u00ebmij\u00ebt i kam l\u00ebn\u00eb jetim\u00eb. Do t\u00eb b\u00ebja gjith\u00e7ka p\u00ebr ta zhb\u00ebr\u00eb. Nuk e mbaj mend aktin\u201d, tha 37-vje\u00e7ari.<\/p>\n<p>Krimi i p\u00ebrgjaksh\u00ebm ndodhi m\u00eb 20 maj 2023. Besmir Ademi kishte marr\u00eb masa q\u00eb t\u00eb takoheshin n\u00eb nj\u00eb parking p\u00ebr t\u2019ia dor\u00ebzuar gruas s\u00eb tij nj\u00eb nga tre f\u00ebmij\u00ebt. Por n\u00eb vend t\u00eb vajz\u00ebs s\u00eb tij ai erdhi me nj\u00eb thik\u00eb kasapi.<\/p>\n","protected":false},"excerpt":{"rendered":"<p>Besmir Ademi, 37-vje\u00e7ari shqiptar i cili vrau gruan me thik\u00eb dhe m\u00eb pas e filmoi \u00ebsht\u00eb d\u00ebnuar me burgim t\u00eb p\u00ebrjetsh\u00ebm n\u00eb Gjermani. Mediat gjermane shkruajn\u00eb se n\u00eb aktgjykim, gjykata vuri n\u00eb dukje pesh\u00ebn e r\u00ebnd\u00eb t\u00eb fajit t\u00eb t\u00eb pandehurit. Edhe pse kjo lejon ligj\u00ebrisht lirimin nga burgu pas 15 vitesh, n\u00eb praktik\u00eb \u00ebsht\u00eb [&hellip;]<\/p>\n","protected":false},"author":5,"featured_media":69254,"comment_status":"closed","ping_status":"closed","sticky":false,"template":"","format":"standard","meta":{"footnotes":""},"categories":[1,7664,6332],"tags":[28337,28339,28338],"class_list":{"0":"post-69253","1":"post","2":"type-post","3":"status-publish","4":"format-standard","5":"has-post-thumbnail","7":"category-aktualitet","8":"category-bota","9":"category-te-fundit","10":"tag-emrat-fotot-gjermani","11":"tag-ja-sa-denohet-shqiptari-37-vjecar","12":"tag-vrau-me-thike-gruan-e-tij"},"_links":{"self":[{"href":"https:\/\/jugulajm.net\/index.php?rest_route=\/wp\/v2\/posts\/69253","targetHints":{"allow":["GET"]}}],"collection":[{"href":"https:\/\/jugulajm.net\/index.php?rest_route=\/wp\/v2\/posts"}],"about":[{"href":"https:\/\/jugulajm.net\/index.php?rest_route=\/wp\/v2\/types\/post"}],"author":[{"embeddable":true,"href":"https:\/\/jugulajm.net\/index.php?rest_route=\/wp\/v2\/users\/5"}],"replies":[{"embeddable":true,"href":"https:\/\/jugulajm.net\/index.php?rest_route=%2Fwp%2Fv2%2Fcomments&post=69253"}],"version-history":[{"count":0,"href":"https:\/\/jugulajm.net\/index.php?rest_route=\/wp\/v2\/posts\/69253\/revisions"}],"wp:featuredmedia":[{"embeddable":true,"href":"https:\/\/jugulajm.net\/index.php?rest_route=\/wp\/v2\/media\/69254"}],"wp:attachment":[{"href":"https:\/\/jugulajm.net\/index.php?rest_route=%2Fwp%2Fv2%2Fmedia&parent=69253"}],"wp:term":[{"taxonomy":"category","embeddable":true,"href":"https:\/\/jugulajm.net\/index.php?rest_route=%2Fwp%2Fv2%2Fcategories&post=69253"},{"taxonomy":"post_tag","embeddable":true,"href":"https:\/\/jugulajm.net\/index.php?rest_route=%2Fwp%2Fv2%2Ftags&post=69253"}],"curies":[{"name":"wp","href":"https:\/\/api.w.org\/{rel}","templated":true}]}}