{"id":69234,"date":"2023-12-18T13:25:41","date_gmt":"2023-12-18T12:25:41","guid":{"rendered":"https:\/\/jugulajm.net\/?p=69234"},"modified":"2023-12-18T13:30:04","modified_gmt":"2023-12-18T12:30:04","slug":"emrat-ja-kush-jane-2-te-rinjte-qe-humben-jeten-ne-aksidentin-te-rruga-e-arbrit","status":"publish","type":"post","link":"https:\/\/jugulajm.net\/?p=69234","title":{"rendered":"EMRAT\/ Ja kush jan\u00eb 2 t\u00eb rinjt\u00eb, q\u00eb humb\u00ebn jet\u00ebn n\u00eb aksidentin te Rruga e Arbrit"},"content":{"rendered":"<p>Policia ka reaguar p\u00ebrs\u00ebri n\u00eb lidhje me aksidentin e r\u00ebnd\u00eb te Shkalla e Tujanit, ku humb\u00ebn jet\u00ebn dy persona.<\/p>\n<p>M\u00ebsohet se dy t\u00eb vdekurit jan\u00eb, nj\u00eb djal\u00eb 35 vje\u00e7, i identifikuar si Marsel Tefa dhe Egla Celami, 29-vje\u00e7e.<\/p>\n<p><strong>Njoftimi i policis\u00eb:<\/strong><\/p>\n<p>N\u00eb vijim t\u00eb informacionit paraprak t\u00eb dh\u00ebn\u00eb pak m\u00eb par\u00eb, ju informojm\u00eb se shtetasit q\u00eb kan\u00eb nd\u00ebrruar jet\u00eb jan\u00eb M. T., rreth 35 vje\u00e7, dhe E. C., 29 vje\u00e7e.<\/p>\n","protected":false},"excerpt":{"rendered":"<p>Policia ka reaguar p\u00ebrs\u00ebri n\u00eb lidhje me aksidentin e r\u00ebnd\u00eb te Shkalla e Tujanit, ku humb\u00ebn jet\u00ebn dy persona. M\u00ebsohet se dy t\u00eb vdekurit jan\u00eb, nj\u00eb djal\u00eb 35 vje\u00e7, i identifikuar si Marsel Tefa dhe Egla Celami, 29-vje\u00e7e. Njoftimi i policis\u00eb: N\u00eb vijim t\u00eb informacionit paraprak t\u00eb dh\u00ebn\u00eb pak m\u00eb par\u00eb, ju informojm\u00eb se shtetasit [&hellip;]<\/p>\n","protected":false},"author":5,"featured_media":69235,"comment_status":"closed","ping_status":"closed","sticky":false,"template":"","format":"standard","meta":{"footnotes":""},"categories":[1,6332],"tags":[28328,28329],"class_list":{"0":"post-69234","1":"post","2":"type-post","3":"status-publish","4":"format-standard","5":"has-post-thumbnail","7":"category-aktualitet","8":"category-te-fundit","9":"tag-emrat-ja-kush-jane-2-te-rinjte","10":"tag-qe-humben-jeten-ne-aksidentin-te-rruga-e-arbrit"},"_links":{"self":[{"href":"https:\/\/jugulajm.net\/index.php?rest_route=\/wp\/v2\/posts\/69234","targetHints":{"allow":["GET"]}}],"collection":[{"href":"https:\/\/jugulajm.net\/index.php?rest_route=\/wp\/v2\/posts"}],"about":[{"href":"https:\/\/jugulajm.net\/index.php?rest_route=\/wp\/v2\/types\/post"}],"author":[{"embeddable":true,"href":"https:\/\/jugulajm.net\/index.php?rest_route=\/wp\/v2\/users\/5"}],"replies":[{"embeddable":true,"href":"https:\/\/jugulajm.net\/index.php?rest_route=%2Fwp%2Fv2%2Fcomments&post=69234"}],"version-history":[{"count":0,"href":"https:\/\/jugulajm.net\/index.php?rest_route=\/wp\/v2\/posts\/69234\/revisions"}],"wp:featuredmedia":[{"embeddable":true,"href":"https:\/\/jugulajm.net\/index.php?rest_route=\/wp\/v2\/media\/69235"}],"wp:attachment":[{"href":"https:\/\/jugulajm.net\/index.php?rest_route=%2Fwp%2Fv2%2Fmedia&parent=69234"}],"wp:term":[{"taxonomy":"category","embeddable":true,"href":"https:\/\/jugulajm.net\/index.php?rest_route=%2Fwp%2Fv2%2Fcategories&post=69234"},{"taxonomy":"post_tag","embeddable":true,"href":"https:\/\/jugulajm.net\/index.php?rest_route=%2Fwp%2Fv2%2Ftags&post=69234"}],"curies":[{"name":"wp","href":"https:\/\/api.w.org\/{rel}","templated":true}]}}