{"id":69207,"date":"2023-12-17T22:52:16","date_gmt":"2023-12-17T21:52:16","guid":{"rendered":"https:\/\/jugulajm.net\/?p=69207"},"modified":"2023-12-17T22:52:16","modified_gmt":"2023-12-17T21:52:16","slug":"greqia-nuk-ka-punetore-per-te-vjele-ullinjte-ja-arsyeja","status":"publish","type":"post","link":"https:\/\/jugulajm.net\/?p=69207","title":{"rendered":"Greqia nuk ka pun\u00ebtor\u00eb p\u00ebr t\u00eb vjel\u00eb ullinjt\u00eb, ja arsyeja&#8230;"},"content":{"rendered":"<p>Epidemia e munges\u00ebs s\u00eb forc\u00ebs pun\u00ebtore ka prekur Greqin\u00eb fqinje, ashtu si \u00e7do vend i Bashkimit Europian q\u00eb po vuan plakjen e trurit, por edhe mang\u00ebsi n\u00eb tregun pun\u00ebtor\u00ebve t\u00eb pakualifikuar, n\u00eb sektor\u00eb si bujq\u00ebsia, peshkimi apo nd\u00ebrtimi.<\/p>\n<p>Kjo problematik\u00eb ka ndezur debate t\u00eb ashpra edhe n\u00eb politik\u00ebn helene, ku ka pasur nj\u00eb p\u00ebrplasje n\u00eb Parlament mes ish-kryeministrit Antonis Samaras dhe ministrit t\u00eb Emigracionit dhe Azilit, Dimitris Kairides.<\/p>\n<p>Diskutimi mes tyre \u00ebsht\u00eb ndalur tek Amendamenti i qeveris\u00eb p\u00ebr t\u2019i dh\u00ebn\u00eb mund\u00ebsi punonj\u00ebsve ilegal\u00eb, kryesisht nga vendet e treta p\u00ebr t\u00eb q\u00ebndruar dhe punuar n\u00eb Greqi.<\/p>\n<p>Ministri Karidis e ka mbrojtur Amendamentin duke argumentuar se pa emigrant\u00ebt rrezikohet q\u00eb ullinjt\u00eb n\u00eb parcelat anemban\u00eb Greqis\u00eb t\u00eb mos vilen k\u00ebt\u00eb sezon duke i shkaktuar vendit nj\u00eb d\u00ebm ekonomik q\u00eb p\u00ebrllogaritet nga 1 deri n\u00eb 1.5 miliard\u00eb euro.<\/p>\n<p>\u201cN\u00eb Ierapetra jan\u00eb gjysma e serave t\u00eb vendit dhe n\u00eb Ilia dhe Mesini. \u00c7do ser\u00eb ka nevoj\u00eb p\u00ebr nj\u00eb pun\u00ebtor p\u00ebr hektar. N\u00eb Ierapetra nevojiten 30 mij\u00eb pun\u00ebtor\u00eb. T\u00eb tjer\u00eb thon\u00eb se ekziston rreziku q\u00eb ullinjt\u00eb t\u00eb mos vilen dhe t\u00eb humbasim 1-1.5 miliard\u00eb euro nga vlera totale e vajit t\u00eb ullirit prej 3 miliard\u00eb eurosh\u201d, theksoi ai.<\/p>\n<p>I kritikuar se Greqia po ndryshon politik\u00ebn e emigracionit, Karidis e shprehu qart\u00eb se qeveria e \u201cDemokracis\u00eb s\u00eb Re\u201d nuk ka nd\u00ebrmend t\u00eb t\u00ebrhiqet nga amendamenti p\u00ebr t\u00eb legalizuar emigrant\u00ebt q\u00eb punojn\u00eb n\u00eb t\u00eb zez\u00eb duke th\u00ebn\u00eb: \u201cDuhet t\u00eb japim zgjidhje pa ideologji dhe britma\u201d.<\/p>\n<p>Sipas Karidis rregullorja nuk i legalizon emigrant\u00ebt e paligjsh\u00ebm, por u jep t\u00eb drejt\u00ebn e pun\u00ebs.<\/p>\n<p>\u201cAmendamenti ka t\u00eb b\u00ebj\u00eb kryesisht me hyrjet e ligjshme. Njer\u00ebz t\u00eb ardhur legalisht. Shqiptar\u00eb q\u00eb erdh\u00ebn k\u00ebtu dhe punonin, e p\u00ebr disa arsye u skadoi leja dhe nuk u rinovua. Nuk t\u00eb jep t\u00eb drejt\u00eb tjet\u00ebr ve\u00e7 pun\u00ebs. Ajo nuk jep t\u00eb drejt\u00ebn e bashkimit familjar apo t\u00eb shtet\u00ebsis\u00eb. Nuk ka t\u00eb b\u00ebj\u00eb me hyrjet e reja, por ata q\u00eb kan\u00eb ardhur para vitit 2021 dhe vet\u00ebm n\u00ebse kan\u00eb kontrat\u00eb pune. Ne p\u00ebrdorim nj\u00eb marr\u00ebveshje q\u00eb ekziston q\u00eb nga viti 2005 dhe \u00ebsht\u00eb riaktivizuar n\u00eb vitin 2014. Marr\u00ebveshja ka t\u00eb b\u00ebj\u00eb me af\u00ebrsisht 30,000 njer\u00ebz. Nuk ka t\u00eb b\u00ebj\u00eb me personat q\u00eb vijn\u00eb ilegalisht n\u00eb Greqi. B\u00ebhet fjal\u00eb p\u00ebr personat q\u00eb ndodheshin ligj\u00ebrisht n\u00eb Greqi dhe nuk arrit\u00ebn t\u00eb rinovonin lejen e q\u00ebndrimit p\u00ebr ndonj\u00eb arsye. Ata jan\u00eb kryesisht me origjin\u00eb shqiptare, gjeorgjiane dhe filipinase\u201d, deklaroi ministri i Emigracionit n\u00eb Kuvend.<\/p>\n","protected":false},"excerpt":{"rendered":"<p>Epidemia e munges\u00ebs s\u00eb forc\u00ebs pun\u00ebtore ka prekur Greqin\u00eb fqinje, ashtu si \u00e7do vend i Bashkimit Europian q\u00eb po vuan plakjen e trurit, por edhe mang\u00ebsi n\u00eb tregun pun\u00ebtor\u00ebve t\u00eb pakualifikuar, n\u00eb sektor\u00eb si bujq\u00ebsia, peshkimi apo nd\u00ebrtimi. Kjo problematik\u00eb ka ndezur debate t\u00eb ashpra edhe n\u00eb politik\u00ebn helene, ku ka pasur nj\u00eb p\u00ebrplasje n\u00eb [&hellip;]<\/p>\n","protected":false},"author":5,"featured_media":50645,"comment_status":"closed","ping_status":"closed","sticky":false,"template":"","format":"standard","meta":{"footnotes":""},"categories":[6332],"tags":[28321,20856],"class_list":{"0":"post-69207","1":"post","2":"type-post","3":"status-publish","4":"format-standard","5":"has-post-thumbnail","7":"category-te-fundit","8":"tag-greqia-nuk-ka-punetore-per-te-vjele-ullinjte","9":"tag-ja-arsyeja"},"_links":{"self":[{"href":"https:\/\/jugulajm.net\/index.php?rest_route=\/wp\/v2\/posts\/69207","targetHints":{"allow":["GET"]}}],"collection":[{"href":"https:\/\/jugulajm.net\/index.php?rest_route=\/wp\/v2\/posts"}],"about":[{"href":"https:\/\/jugulajm.net\/index.php?rest_route=\/wp\/v2\/types\/post"}],"author":[{"embeddable":true,"href":"https:\/\/jugulajm.net\/index.php?rest_route=\/wp\/v2\/users\/5"}],"replies":[{"embeddable":true,"href":"https:\/\/jugulajm.net\/index.php?rest_route=%2Fwp%2Fv2%2Fcomments&post=69207"}],"version-history":[{"count":0,"href":"https:\/\/jugulajm.net\/index.php?rest_route=\/wp\/v2\/posts\/69207\/revisions"}],"wp:featuredmedia":[{"embeddable":true,"href":"https:\/\/jugulajm.net\/index.php?rest_route=\/wp\/v2\/media\/50645"}],"wp:attachment":[{"href":"https:\/\/jugulajm.net\/index.php?rest_route=%2Fwp%2Fv2%2Fmedia&parent=69207"}],"wp:term":[{"taxonomy":"category","embeddable":true,"href":"https:\/\/jugulajm.net\/index.php?rest_route=%2Fwp%2Fv2%2Fcategories&post=69207"},{"taxonomy":"post_tag","embeddable":true,"href":"https:\/\/jugulajm.net\/index.php?rest_route=%2Fwp%2Fv2%2Ftags&post=69207"}],"curies":[{"name":"wp","href":"https:\/\/api.w.org\/{rel}","templated":true}]}}